{"id":9489,"date":"2025-09-22T13:24:50","date_gmt":"2025-09-22T11:24:50","guid":{"rendered":"https:\/\/www.mahkemeler.net\/?p=9489"},"modified":"2025-09-23T14:11:00","modified_gmt":"2025-09-23T12:11:00","slug":"2025-2026-adli-yil-acilisi-icin-yuksek-mahkeme-orta-bahcesinde-resepsiyon-duzenlendi","status":"publish","type":"post","link":"https:\/\/www.mahkemeler.net\/en\/archives\/9489","title":{"rendered":"Reception Held in the Central Courtyard of the Supreme Court for the Opening of the 2025\u20132026 Judicial Year"},"content":{"rendered":"<p>The judicial year opening reception was held on September 15, 2025 with the participation of judges, prosecutors, and lawyers.<\/p>\n\n\n\n<p>Speaking at the reception, President of the Supreme Court, Mr. Bertan \u00d6zerda\u011f, stated: \u201cIt is a great source of pride for us that our judiciary is the most trusted institution in the country,\u201d and added: \u201cThe Supreme Court has always been one of the most respected institutions within the Turkish Cypriot community.\"<\/p>\n\n\n\n<p>In his speech, he provided information about the planned activities for the new judicial year, as well as the ongoing challenges. \u00d6zerda\u011f stated that the preliminary injunction procedure will be abolished from the judicial system and, in this context, noted that efforts are ongoing to establish a second Assize Court in Nicosia.<\/p>\n\n\n\n<p>\u00d6zerda\u011f also shared updates about projects and developments related to the electronic filing system, expressing that the aim is to carry out many procedures through the electronic system.<\/p>\n\n\n\n<p>Stating that they will celebrate the 60th anniversary of the Supreme Court with an event and a conference this year, President of the Supreme Court Bertan \u00d6zerda\u011f said that they are planning to organise an international conference in November and that the details will be shared with the judicial community in the near future.<\/p>\n\n\n\n<p>\u00d6zerda\u011f stated that at the beginning of this year's judicial year, they observed that all members of the judiciary worked devotedly and with determination, and also expressed his appreciation for them.<\/p>\n\n\n\n<p>\u00d6zerda\u011f concluded by wishing that the new judicial year would bring prosperity to the country and the Turkish Cypriot people.<\/p>\n\n\n\n<figure class=\"wp-block-gallery has-nested-images columns-default is-cropped wp-block-gallery-1 is-layout-flex wp-block-gallery-is-layout-flex\">\n<figure class=\"wp-block-image size-large\"><img fetchpriority=\"high\" decoding=\"async\" width=\"1024\" height=\"576\" data-id=\"9488\" src=\"https:\/\/www.mahkemeler.net\/wp-content\/uploads\/2025\/09\/WhatsApp-Image-2025-09-22-at-1.46.12-PM-1024x576.jpeg\" alt=\"\" class=\"wp-image-9488\" srcset=\"https:\/\/www.mahkemeler.net\/wp-content\/uploads\/2025\/09\/WhatsApp-Image-2025-09-22-at-1.46.12-PM-1024x576.jpeg 1024w, https:\/\/www.mahkemeler.net\/wp-content\/uploads\/2025\/09\/WhatsApp-Image-2025-09-22-at-1.46.12-PM-300x169.jpeg 300w, https:\/\/www.mahkemeler.net\/wp-content\/uploads\/2025\/09\/WhatsApp-Image-2025-09-22-at-1.46.12-PM-768x432.jpeg 768w, https:\/\/www.mahkemeler.net\/wp-content\/uploads\/2025\/09\/WhatsApp-Image-2025-09-22-at-1.46.12-PM-18x10.jpeg 18w, https:\/\/www.mahkemeler.net\/wp-content\/uploads\/2025\/09\/WhatsApp-Image-2025-09-22-at-1.46.12-PM-600x338.jpeg 600w, https:\/\/www.mahkemeler.net\/wp-content\/uploads\/2025\/09\/WhatsApp-Image-2025-09-22-at-1.46.12-PM-560x315.jpeg 560w, https:\/\/www.mahkemeler.net\/wp-content\/uploads\/2025\/09\/WhatsApp-Image-2025-09-22-at-1.46.12-PM.jpeg 1280w\" sizes=\"(max-width: 1024px) 100vw, 1024px\" \/><\/figure>\n\n\n\n<figure class=\"wp-block-image size-large\"><img decoding=\"async\" width=\"1024\" height=\"683\" data-id=\"9487\" src=\"https:\/\/www.mahkemeler.net\/wp-content\/uploads\/2025\/09\/WhatsApp-Image-2025-09-22-at-1.45.50-PM-1024x683.jpeg\" alt=\"\" class=\"wp-image-9487\" srcset=\"https:\/\/www.mahkemeler.net\/wp-content\/uploads\/2025\/09\/WhatsApp-Image-2025-09-22-at-1.45.50-PM-1024x683.jpeg 1024w, https:\/\/www.mahkemeler.net\/wp-content\/uploads\/2025\/09\/WhatsApp-Image-2025-09-22-at-1.45.50-PM-300x200.jpeg 300w, https:\/\/www.mahkemeler.net\/wp-content\/uploads\/2025\/09\/WhatsApp-Image-2025-09-22-at-1.45.50-PM-768x512.jpeg 768w, https:\/\/www.mahkemeler.net\/wp-content\/uploads\/2025\/09\/WhatsApp-Image-2025-09-22-at-1.45.50-PM-1536x1025.jpeg 1536w, https:\/\/www.mahkemeler.net\/wp-content\/uploads\/2025\/09\/WhatsApp-Image-2025-09-22-at-1.45.50-PM-18x12.jpeg 18w, https:\/\/www.mahkemeler.net\/wp-content\/uploads\/2025\/09\/WhatsApp-Image-2025-09-22-at-1.45.50-PM-600x400.jpeg 600w, https:\/\/www.mahkemeler.net\/wp-content\/uploads\/2025\/09\/WhatsApp-Image-2025-09-22-at-1.45.50-PM-560x374.jpeg 560w, https:\/\/www.mahkemeler.net\/wp-content\/uploads\/2025\/09\/WhatsApp-Image-2025-09-22-at-1.45.50-PM.jpeg 2048w\" sizes=\"(max-width: 1024px) 100vw, 1024px\" \/><\/figure>\n\n\n\n<figure class=\"wp-block-image size-large\"><img decoding=\"async\" width=\"1024\" height=\"768\" data-id=\"9486\" src=\"https:\/\/www.mahkemeler.net\/wp-content\/uploads\/2025\/09\/WhatsApp-Image-2025-09-22-at-1.45.51-PM-1024x768.jpeg\" alt=\"\" class=\"wp-image-9486\" srcset=\"https:\/\/www.mahkemeler.net\/wp-content\/uploads\/2025\/09\/WhatsApp-Image-2025-09-22-at-1.45.51-PM-1024x768.jpeg 1024w, https:\/\/www.mahkemeler.net\/wp-content\/uploads\/2025\/09\/WhatsApp-Image-2025-09-22-at-1.45.51-PM-300x225.jpeg 300w, https:\/\/www.mahkemeler.net\/wp-content\/uploads\/2025\/09\/WhatsApp-Image-2025-09-22-at-1.45.51-PM-768x576.jpeg 768w, https:\/\/www.mahkemeler.net\/wp-content\/uploads\/2025\/09\/WhatsApp-Image-2025-09-22-at-1.45.51-PM-1536x1152.jpeg 1536w, https:\/\/www.mahkemeler.net\/wp-content\/uploads\/2025\/09\/WhatsApp-Image-2025-09-22-at-1.45.51-PM-16x12.jpeg 16w, https:\/\/www.mahkemeler.net\/wp-content\/uploads\/2025\/09\/WhatsApp-Image-2025-09-22-at-1.45.51-PM-600x450.jpeg 600w, https:\/\/www.mahkemeler.net\/wp-content\/uploads\/2025\/09\/WhatsApp-Image-2025-09-22-at-1.45.51-PM-560x420.jpeg 560w, https:\/\/www.mahkemeler.net\/wp-content\/uploads\/2025\/09\/WhatsApp-Image-2025-09-22-at-1.45.51-PM.jpeg 1600w\" sizes=\"(max-width: 1024px) 100vw, 1024px\" \/><\/figure>\n\n\n\n<figure class=\"wp-block-image size-large\"><img loading=\"lazy\" decoding=\"async\" width=\"715\" height=\"974\" data-id=\"9485\" src=\"https:\/\/www.mahkemeler.net\/wp-content\/uploads\/2025\/09\/WhatsApp-Image-2025-09-22-at-1.45.51-PM-1.jpeg\" alt=\"\" class=\"wp-image-9485\" srcset=\"https:\/\/www.mahkemeler.net\/wp-content\/uploads\/2025\/09\/WhatsApp-Image-2025-09-22-at-1.45.51-PM-1.jpeg 715w, https:\/\/www.mahkemeler.net\/wp-content\/uploads\/2025\/09\/WhatsApp-Image-2025-09-22-at-1.45.51-PM-1-220x300.jpeg 220w, https:\/\/www.mahkemeler.net\/wp-content\/uploads\/2025\/09\/WhatsApp-Image-2025-09-22-at-1.45.51-PM-1-9x12.jpeg 9w, https:\/\/www.mahkemeler.net\/wp-content\/uploads\/2025\/09\/WhatsApp-Image-2025-09-22-at-1.45.51-PM-1-440x600.jpeg 440w, https:\/\/www.mahkemeler.net\/wp-content\/uploads\/2025\/09\/WhatsApp-Image-2025-09-22-at-1.45.51-PM-1-411x560.jpeg 411w\" sizes=\"(max-width: 715px) 100vw, 715px\" \/><\/figure>\n<\/figure>","protected":false},"excerpt":{"rendered":"<p>Adli y\u0131l a\u00e7\u0131l\u0131\u015f resepsiyonu 15.09.2025 tarihinde yarg\u0131\u00e7, savc\u0131 ve avukatlar\u0131n kat\u0131l\u0131m\u0131 ile ger\u00e7ekle\u015ftirildi. Adli y\u0131l a\u00e7\u0131l\u0131\u015f resepsiyonunda konu\u015fan Y\u00fcksek Mahkeme Ba\u015fkan\u0131 Say\u0131n Bertan \u00d6zerda\u011f: \u200b\u200b\u201cYarg\u0131m\u0131z\u0131n \u00fclkenin en g\u00fcvenilir kurumu olmas\u0131 bizler i\u00e7in b\u00fcy\u00fck \u00f6v\u00fcn\u00e7 kayna\u011f\u0131\u201d oldu\u011funu s\u00f6yledi. \u00d6zerda\u011f \u201cY\u00fcksek Mahkeme, K\u0131br\u0131s T\u00fcrk toplumu i\u00e7in her zaman en de\u011ferli kurumlar\u0131n ba\u015f\u0131nda geldi\u201d ifadelerinde bulundu. Konu\u015fmas\u0131nda yeni [&hellip;]<\/p>","protected":false},"author":2,"featured_media":9486,"comment_status":"closed","ping_status":"open","sticky":false,"template":"","format":"standard","meta":{"om_disable_all_campaigns":false,"_monsterinsights_skip_tracking":false,"_monsterinsights_sitenote_active":false,"_monsterinsights_sitenote_note":"","_monsterinsights_sitenote_category":0,"_uf_show_specific_survey":0,"_uf_disable_surveys":false,"footnotes":""},"categories":[1],"tags":[],"class_list":["post-9489","post","type-post","status-publish","format-standard","has-post-thumbnail","hentry","category-haberler"],"aioseo_notices":[],"_links":{"self":[{"href":"https:\/\/www.mahkemeler.net\/en\/wp-json\/wp\/v2\/posts\/9489","targetHints":{"allow":["GET"]}}],"collection":[{"href":"https:\/\/www.mahkemeler.net\/en\/wp-json\/wp\/v2\/posts"}],"about":[{"href":"https:\/\/www.mahkemeler.net\/en\/wp-json\/wp\/v2\/types\/post"}],"author":[{"embeddable":true,"href":"https:\/\/www.mahkemeler.net\/en\/wp-json\/wp\/v2\/users\/2"}],"replies":[{"embeddable":true,"href":"https:\/\/www.mahkemeler.net\/en\/wp-json\/wp\/v2\/comments?post=9489"}],"version-history":[{"count":3,"href":"https:\/\/www.mahkemeler.net\/en\/wp-json\/wp\/v2\/posts\/9489\/revisions"}],"predecessor-version":[{"id":9494,"href":"https:\/\/www.mahkemeler.net\/en\/wp-json\/wp\/v2\/posts\/9489\/revisions\/9494"}],"wp:featuredmedia":[{"embeddable":true,"href":"https:\/\/www.mahkemeler.net\/en\/wp-json\/wp\/v2\/media\/9486"}],"wp:attachment":[{"href":"https:\/\/www.mahkemeler.net\/en\/wp-json\/wp\/v2\/media?parent=9489"}],"wp:term":[{"taxonomy":"category","embeddable":true,"href":"https:\/\/www.mahkemeler.net\/en\/wp-json\/wp\/v2\/categories?post=9489"},{"taxonomy":"post_tag","embeddable":true,"href":"https:\/\/www.mahkemeler.net\/en\/wp-json\/wp\/v2\/tags?post=9489"}],"curies":[{"name":"wp","href":"https:\/\/api.w.org\/{rel}","templated":true}]}}