{"id":9387,"date":"2025-07-21T09:25:47","date_gmt":"2025-07-21T07:25:47","guid":{"rendered":"https:\/\/www.mahkemeler.net\/?p=9387"},"modified":"2025-07-21T09:25:49","modified_gmt":"2025-07-21T07:25:49","slug":"kktc-turk-dunyasi-anayasa-yargisi-konferansina-gozlemci-uye-olarak-katildi","status":"publish","type":"post","link":"https:\/\/www.mahkemeler.net\/en\/archives\/9387","title":{"rendered":"TRNC Participates in the Conference of Constitutional Jurisdictions of the Turkic World as an Observer Member"},"content":{"rendered":"<p>The Constitutional Court of the TRNC has participated in the Conference of Constitutional Jurisdictions of the Turkic World (T\u00dcRK-AY) as an observer member, following the signing of a declaration in Baku.<\/p>\n\n\n\n<p>President of the Constitutional Court Bertan \u00d6zerda\u011f and Constitutional Court member Peri Hakk\u0131 attended the events organized by the Constitutional Court of Azerbaijan on the occasion of the 30th anniversary of the adoption of its Constitution.<\/p>\n\n\n\n<p>President Bertan \u00d6zerda\u011f delivered a speech during the conference and also took part in the T\u00dcRK-AY Turkic Constitutional Courts meeting held after the conference.<\/p>\n\n\n\n<p>The TRNC Constitutional Court\u2019s application for observer member status, which was on the conference agenda, was accepted and included in the Baku Declaration signed by member states, and the TRNC Constitutional Court was granted observer member status.<\/p>","protected":false},"excerpt":{"rendered":"<p>KKTC Anayasa Mahkemesi, Bak\u00fc\u2019de imzalanan deklarasyon ile T\u00fcrk D\u00fcnyas\u0131 Anayasa Yarg\u0131s\u0131 Konferans\u0131\u2019na (T\u00dcRK-AY) g\u00f6zlemci \u00fcye olarak kat\u0131ld\u0131. Azerbaycan Anayasa Mahkemesi taraf\u0131ndan Anayasa\u2019n\u0131n kabul\u00fcn\u00fcn 30. y\u0131l\u0131 m\u00fcnasebetiyle d\u00fczenlenen etkinliklere, Anayasa Mahkemesi Ba\u015fkan\u0131 Bertan \u00d6zerda\u011f ve Anayasa Mahkemesi \u00fcyesi Peri Hakk\u0131 kat\u0131ld\u0131. Ba\u015fkan Bertan \u00d6zerda\u011f konferans kapsam\u0131nda bir konu\u015fma yapt\u0131. \u00d6zerda\u011f, Konferans sonras\u0131 yap\u0131lan T\u00dcRK-AY T\u00fcrk Anayasa [&hellip;]<\/p>","protected":false},"author":2,"featured_media":9388,"comment_status":"closed","ping_status":"open","sticky":false,"template":"","format":"standard","meta":{"om_disable_all_campaigns":false,"_monsterinsights_skip_tracking":false,"_monsterinsights_sitenote_active":false,"_monsterinsights_sitenote_note":"","_monsterinsights_sitenote_category":0,"_uf_show_specific_survey":0,"_uf_disable_surveys":false,"footnotes":""},"categories":[1],"tags":[],"class_list":["post-9387","post","type-post","status-publish","format-standard","has-post-thumbnail","hentry","category-haberler"],"aioseo_notices":[],"_links":{"self":[{"href":"https:\/\/www.mahkemeler.net\/en\/wp-json\/wp\/v2\/posts\/9387","targetHints":{"allow":["GET"]}}],"collection":[{"href":"https:\/\/www.mahkemeler.net\/en\/wp-json\/wp\/v2\/posts"}],"about":[{"href":"https:\/\/www.mahkemeler.net\/en\/wp-json\/wp\/v2\/types\/post"}],"author":[{"embeddable":true,"href":"https:\/\/www.mahkemeler.net\/en\/wp-json\/wp\/v2\/users\/2"}],"replies":[{"embeddable":true,"href":"https:\/\/www.mahkemeler.net\/en\/wp-json\/wp\/v2\/comments?post=9387"}],"version-history":[{"count":1,"href":"https:\/\/www.mahkemeler.net\/en\/wp-json\/wp\/v2\/posts\/9387\/revisions"}],"predecessor-version":[{"id":9389,"href":"https:\/\/www.mahkemeler.net\/en\/wp-json\/wp\/v2\/posts\/9387\/revisions\/9389"}],"wp:featuredmedia":[{"embeddable":true,"href":"https:\/\/www.mahkemeler.net\/en\/wp-json\/wp\/v2\/media\/9388"}],"wp:attachment":[{"href":"https:\/\/www.mahkemeler.net\/en\/wp-json\/wp\/v2\/media?parent=9387"}],"wp:term":[{"taxonomy":"category","embeddable":true,"href":"https:\/\/www.mahkemeler.net\/en\/wp-json\/wp\/v2\/categories?post=9387"},{"taxonomy":"post_tag","embeddable":true,"href":"https:\/\/www.mahkemeler.net\/en\/wp-json\/wp\/v2\/tags?post=9387"}],"curies":[{"name":"wp","href":"https:\/\/api.w.org\/{rel}","templated":true}]}}