{"id":9317,"date":"2025-06-05T10:15:27","date_gmt":"2025-06-05T08:15:27","guid":{"rendered":"https:\/\/www.mahkemeler.net\/?p=9317"},"modified":"2025-06-05T10:15:29","modified_gmt":"2025-06-05T08:15:29","slug":"yuksek-mahkeme-baskani-sn-bertan-ozerdagin-bayram-mesaji","status":"publish","type":"post","link":"https:\/\/www.mahkemeler.net\/en\/archives\/9317","title":{"rendered":"Message from the President of the Supreme Court, Mr. Bertan \u00d6zerda\u011f on the Occasion of Eid"},"content":{"rendered":"<p>Dear Friends,<\/p>\n\n\n\n<p>I extend my heartfelt wishes on the occasion of Eid al-Adha. May it bring health, peace, and happiness to you and your family.<\/p>\n\n\n\n<p>With warm regards,<\/p>\n\n\n\n<p>Bertan \u00d6zerda\u011f<\/p>\n\n\n\n<p><\/p>","protected":false},"excerpt":{"rendered":"<p>De\u011ferli Arkada\u015flar, Kurban Bayram\u0131n\u0131z\u0131 en i\u00e7ten duygular\u0131mla kutlar, size ve ailenize sa\u011fl\u0131k, huzur ve mutluluk getirmesini temenni ederim. Sevgilerimle, Bertan \u00d6zerda\u011f<\/p>","protected":false},"author":2,"featured_media":0,"comment_status":"closed","ping_status":"open","sticky":false,"template":"","format":"standard","meta":{"om_disable_all_campaigns":false,"_monsterinsights_skip_tracking":false,"_monsterinsights_sitenote_active":false,"_monsterinsights_sitenote_note":"","_monsterinsights_sitenote_category":0,"_uf_show_specific_survey":0,"_uf_disable_surveys":false,"footnotes":""},"categories":[1],"tags":[],"class_list":["post-9317","post","type-post","status-publish","format-standard","hentry","category-haberler"],"aioseo_notices":[],"_links":{"self":[{"href":"https:\/\/www.mahkemeler.net\/en\/wp-json\/wp\/v2\/posts\/9317","targetHints":{"allow":["GET"]}}],"collection":[{"href":"https:\/\/www.mahkemeler.net\/en\/wp-json\/wp\/v2\/posts"}],"about":[{"href":"https:\/\/www.mahkemeler.net\/en\/wp-json\/wp\/v2\/types\/post"}],"author":[{"embeddable":true,"href":"https:\/\/www.mahkemeler.net\/en\/wp-json\/wp\/v2\/users\/2"}],"replies":[{"embeddable":true,"href":"https:\/\/www.mahkemeler.net\/en\/wp-json\/wp\/v2\/comments?post=9317"}],"version-history":[{"count":1,"href":"https:\/\/www.mahkemeler.net\/en\/wp-json\/wp\/v2\/posts\/9317\/revisions"}],"predecessor-version":[{"id":9318,"href":"https:\/\/www.mahkemeler.net\/en\/wp-json\/wp\/v2\/posts\/9317\/revisions\/9318"}],"wp:attachment":[{"href":"https:\/\/www.mahkemeler.net\/en\/wp-json\/wp\/v2\/media?parent=9317"}],"wp:term":[{"taxonomy":"category","embeddable":true,"href":"https:\/\/www.mahkemeler.net\/en\/wp-json\/wp\/v2\/categories?post=9317"},{"taxonomy":"post_tag","embeddable":true,"href":"https:\/\/www.mahkemeler.net\/en\/wp-json\/wp\/v2\/tags?post=9317"}],"curies":[{"name":"wp","href":"https:\/\/api.w.org\/{rel}","templated":true}]}}