{"id":9283,"date":"2025-05-12T08:47:58","date_gmt":"2025-05-12T06:47:58","guid":{"rendered":"https:\/\/www.mahkemeler.net\/?p=9283"},"modified":"2025-05-27T09:40:51","modified_gmt":"2025-05-27T07:40:51","slug":"yuksek-mahkeme-baskani-bertan-ozerdag-yuksek-mahkeme-yargiclari-gulden-ciftcioglu-ve-bahar-duatepe-tdt-yuksek-mahkemeler-konferansina-katildi","status":"publish","type":"post","link":"https:\/\/www.mahkemeler.net\/en\/archives\/9283","title":{"rendered":"President of the Supreme Court Bertan \u00d6zerda\u011f, Supreme Court Judges G\u00fclden \u00c7ift\u00e7io\u011flu and Bahar Duatepe attended the OTS High Courts Conference"},"content":{"rendered":"<p>T\u00fcrkiye Cumhuriyeti Yarg\u0131tay ve Dan\u0131\u015ftay Ba\u015fkanl\u0131klar\u0131n\u0131n ev sahipli\u011finde T\u00fcrk Devletleri Te\u015fkilat\u0131 Y\u00fcksek Mahkemeler Konferans\u0131 Antalya\u2019da yap\u0131ld\u0131. Konferansa,\u00a0Y\u00fcksek Mahkeme Ba\u015fkan\u0131 Bertan \u00d6zerda\u011f\u2019\u0131n yan\u0131 s\u0131ra Y\u00fcksek Mahkeme Yarg\u0131\u00e7lar\u0131 G\u00fclden \u00c7ift\u00e7io\u011flu ve Bahar Duatepe da kat\u0131ld\u0131.<\/p>\n\n\n\n<p>Konferansa, Azerbaycan, Kazakistan, K\u0131rg\u0131zistan, \u00d6zbekistan ve Kuzey K\u0131br\u0131s T\u00fcrk Cumhuriyeti\u2019nin Y\u00fcksek Mahkeme ba\u015fkanlar\u0131 ve beraberindeki heyetler kat\u0131ld\u0131.<\/p>\n\n\n\n<p>In his speech, President of the Supreme Court Bertan \u00d6zerda\u011f expressed his honour and pleasure to be together with the jurists in the organisation of the Presidency of the Court of Cassation of the Republic of Turkey and thanked the President and members of the Court of Cassation for their kind invitation on behalf of the TRNC Supreme Court.<\/p>\n\n\n\n<p>\u00d6zerda\u011f said, \u201cI believe that this cooperation, which will take place with the participation of the Supreme Courts of the Member States of the Organisation of Turkic States, will make a great contribution to the development of communication and solidarity. These events have a great contribution to the development of cooperation between the members of the Supreme Courts of the Turkic States, as well as enabling new friendships to be born in these events. The working group of the Conference has a great role in this respect and is in an important position to ensure that these events are organised in a regular and effective manner. I hope that this working group will be instrumental in organising conferences where cooperation will deepen in the future. I wish that the conference status to be signed today will be beneficial to the Organisation of Turkic States and I hope that the specified areas of cooperation will continue to increase even more at the next conference.\u201d<\/p>\n\n\n\n<p>Stating that law has a very important role in the development of countries and economic stability in the modern world, \u00d6zerda\u011f said that as the law develops in the country, the economy of the country and the living standards of the people also develop, the law has reached modern norms, stability is ensured in societies where justice exists and societies look to the future with more hope.<\/p>\n\n\n\n<p>\u00d6zerda\u011f said, \u201cAs members of the highest courts of our countries, we have great duties in the field of law for the rule of law, the protection of constitutional order, the provision of fundamental rights and duties and the construction of our future. I am sure that each country has deep knowledge and experience in the field of law in its own geography. These organisations will make a great contribution to sharing this knowledge and experience and carrying out studies in this field. The announcement of the studies to be carried out by this conference in the field of law through the publications to be prepared is a matter that will contribute to the recognition of the importance and value of the conference. Establishing communication and cooperation between this organisation and international organisations in the field of law, and involving the Supreme Courts of our countries in these projects through this opportunity, will be an initiative that will further strengthen the power of the Organisation of Turkic States. The continuation of these activities gives our Supreme Court a great honour and happiness as a part of the Organisation of Turkic States.\u201d<\/p>\n\n\n\n<figure class=\"wp-block-gallery has-nested-images columns-default is-cropped wp-block-gallery-1 is-layout-flex wp-block-gallery-is-layout-flex\">\n<figure class=\"wp-block-image size-large\"><img fetchpriority=\"high\" decoding=\"async\" width=\"1024\" height=\"675\" data-id=\"9287\" src=\"https:\/\/www.mahkemeler.net\/wp-content\/uploads\/2025\/05\/WhatsApp-Image-2025-05-12-at-9.35.00-AM-1024x675.jpeg\" alt=\"\" class=\"wp-image-9287\" srcset=\"https:\/\/www.mahkemeler.net\/wp-content\/uploads\/2025\/05\/WhatsApp-Image-2025-05-12-at-9.35.00-AM-1024x675.jpeg 1024w, https:\/\/www.mahkemeler.net\/wp-content\/uploads\/2025\/05\/WhatsApp-Image-2025-05-12-at-9.35.00-AM-300x198.jpeg 300w, https:\/\/www.mahkemeler.net\/wp-content\/uploads\/2025\/05\/WhatsApp-Image-2025-05-12-at-9.35.00-AM-768x506.jpeg 768w, https:\/\/www.mahkemeler.net\/wp-content\/uploads\/2025\/05\/WhatsApp-Image-2025-05-12-at-9.35.00-AM-1536x1013.jpeg 1536w, https:\/\/www.mahkemeler.net\/wp-content\/uploads\/2025\/05\/WhatsApp-Image-2025-05-12-at-9.35.00-AM-18x12.jpeg 18w, https:\/\/www.mahkemeler.net\/wp-content\/uploads\/2025\/05\/WhatsApp-Image-2025-05-12-at-9.35.00-AM-600x396.jpeg 600w, https:\/\/www.mahkemeler.net\/wp-content\/uploads\/2025\/05\/WhatsApp-Image-2025-05-12-at-9.35.00-AM-560x369.jpeg 560w, https:\/\/www.mahkemeler.net\/wp-content\/uploads\/2025\/05\/WhatsApp-Image-2025-05-12-at-9.35.00-AM.jpeg 1600w\" sizes=\"(max-width: 1024px) 100vw, 1024px\" \/><\/figure>\n\n\n\n<figure class=\"wp-block-image size-large\"><img decoding=\"async\" width=\"1024\" height=\"636\" data-id=\"9286\" src=\"https:\/\/www.mahkemeler.net\/wp-content\/uploads\/2025\/05\/WhatsApp-Image-2025-05-12-at-9.35.26-AM-1024x636.jpeg\" alt=\"\" class=\"wp-image-9286\" srcset=\"https:\/\/www.mahkemeler.net\/wp-content\/uploads\/2025\/05\/WhatsApp-Image-2025-05-12-at-9.35.26-AM-1024x636.jpeg 1024w, https:\/\/www.mahkemeler.net\/wp-content\/uploads\/2025\/05\/WhatsApp-Image-2025-05-12-at-9.35.26-AM-300x186.jpeg 300w, https:\/\/www.mahkemeler.net\/wp-content\/uploads\/2025\/05\/WhatsApp-Image-2025-05-12-at-9.35.26-AM-768x477.jpeg 768w, https:\/\/www.mahkemeler.net\/wp-content\/uploads\/2025\/05\/WhatsApp-Image-2025-05-12-at-9.35.26-AM-1536x954.jpeg 1536w, https:\/\/www.mahkemeler.net\/wp-content\/uploads\/2025\/05\/WhatsApp-Image-2025-05-12-at-9.35.26-AM-18x12.jpeg 18w, https:\/\/www.mahkemeler.net\/wp-content\/uploads\/2025\/05\/WhatsApp-Image-2025-05-12-at-9.35.26-AM-600x373.jpeg 600w, https:\/\/www.mahkemeler.net\/wp-content\/uploads\/2025\/05\/WhatsApp-Image-2025-05-12-at-9.35.26-AM-560x348.jpeg 560w, https:\/\/www.mahkemeler.net\/wp-content\/uploads\/2025\/05\/WhatsApp-Image-2025-05-12-at-9.35.26-AM.jpeg 1600w\" sizes=\"(max-width: 1024px) 100vw, 1024px\" \/><\/figure>\n\n\n\n<figure class=\"wp-block-image size-large\"><img decoding=\"async\" width=\"1024\" height=\"768\" data-id=\"9285\" src=\"https:\/\/www.mahkemeler.net\/wp-content\/uploads\/2025\/05\/WhatsApp-Image-2025-05-12-at-9.35.26-AM-1-1024x768.jpeg\" alt=\"\" class=\"wp-image-9285\" srcset=\"https:\/\/www.mahkemeler.net\/wp-content\/uploads\/2025\/05\/WhatsApp-Image-2025-05-12-at-9.35.26-AM-1-1024x768.jpeg 1024w, https:\/\/www.mahkemeler.net\/wp-content\/uploads\/2025\/05\/WhatsApp-Image-2025-05-12-at-9.35.26-AM-1-300x225.jpeg 300w, https:\/\/www.mahkemeler.net\/wp-content\/uploads\/2025\/05\/WhatsApp-Image-2025-05-12-at-9.35.26-AM-1-768x576.jpeg 768w, https:\/\/www.mahkemeler.net\/wp-content\/uploads\/2025\/05\/WhatsApp-Image-2025-05-12-at-9.35.26-AM-1-1536x1152.jpeg 1536w, https:\/\/www.mahkemeler.net\/wp-content\/uploads\/2025\/05\/WhatsApp-Image-2025-05-12-at-9.35.26-AM-1-16x12.jpeg 16w, https:\/\/www.mahkemeler.net\/wp-content\/uploads\/2025\/05\/WhatsApp-Image-2025-05-12-at-9.35.26-AM-1-600x450.jpeg 600w, https:\/\/www.mahkemeler.net\/wp-content\/uploads\/2025\/05\/WhatsApp-Image-2025-05-12-at-9.35.26-AM-1-560x420.jpeg 560w, https:\/\/www.mahkemeler.net\/wp-content\/uploads\/2025\/05\/WhatsApp-Image-2025-05-12-at-9.35.26-AM-1.jpeg 1600w\" sizes=\"(max-width: 1024px) 100vw, 1024px\" \/><\/figure>\n\n\n\n<figure class=\"wp-block-image size-large\"><img loading=\"lazy\" decoding=\"async\" width=\"1024\" height=\"682\" data-id=\"9284\" src=\"https:\/\/www.mahkemeler.net\/wp-content\/uploads\/2025\/05\/WhatsApp-Image-2025-05-12-at-9.35.36-AM-1024x682.jpeg\" alt=\"\" class=\"wp-image-9284\" srcset=\"https:\/\/www.mahkemeler.net\/wp-content\/uploads\/2025\/05\/WhatsApp-Image-2025-05-12-at-9.35.36-AM-1024x682.jpeg 1024w, https:\/\/www.mahkemeler.net\/wp-content\/uploads\/2025\/05\/WhatsApp-Image-2025-05-12-at-9.35.36-AM-300x200.jpeg 300w, https:\/\/www.mahkemeler.net\/wp-content\/uploads\/2025\/05\/WhatsApp-Image-2025-05-12-at-9.35.36-AM-768x512.jpeg 768w, https:\/\/www.mahkemeler.net\/wp-content\/uploads\/2025\/05\/WhatsApp-Image-2025-05-12-at-9.35.36-AM-1536x1023.jpeg 1536w, https:\/\/www.mahkemeler.net\/wp-content\/uploads\/2025\/05\/WhatsApp-Image-2025-05-12-at-9.35.36-AM-18x12.jpeg 18w, https:\/\/www.mahkemeler.net\/wp-content\/uploads\/2025\/05\/WhatsApp-Image-2025-05-12-at-9.35.36-AM-600x400.jpeg 600w, https:\/\/www.mahkemeler.net\/wp-content\/uploads\/2025\/05\/WhatsApp-Image-2025-05-12-at-9.35.36-AM-560x373.jpeg 560w, https:\/\/www.mahkemeler.net\/wp-content\/uploads\/2025\/05\/WhatsApp-Image-2025-05-12-at-9.35.36-AM.jpeg 1600w\" sizes=\"(max-width: 1024px) 100vw, 1024px\" \/><\/figure>\n<\/figure>","protected":false},"excerpt":{"rendered":"<p>T\u00fcrkiye Cumhuriyeti Yarg\u0131tay ve Dan\u0131\u015ftay Ba\u015fkanl\u0131klar\u0131n\u0131n ev sahipli\u011finde T\u00fcrk Devletleri Te\u015fkilat\u0131 Y\u00fcksek Mahkemeler Konferans\u0131 Antalya\u2019da yap\u0131ld\u0131. Konferansa,\u00a0Y\u00fcksek Mahkeme Ba\u015fkan\u0131 Bertan \u00d6zerda\u011f\u2019\u0131n yan\u0131 s\u0131ra Y\u00fcksek Mahkeme Yarg\u0131\u00e7lar\u0131 G\u00fclden \u00c7ift\u00e7io\u011flu ve Bahar Duatepe da kat\u0131ld\u0131. Konferansa, Azerbaycan, Kazakistan, K\u0131rg\u0131zistan, \u00d6zbekistan ve Kuzey K\u0131br\u0131s T\u00fcrk Cumhuriyeti\u2019nin Y\u00fcksek Mahkeme ba\u015fkanlar\u0131 ve beraberindeki heyetler kat\u0131ld\u0131. Y\u00fcksek Mahkeme Ba\u015fkan\u0131 Bertan \u00d6zerda\u011f, [&hellip;]<\/p>","protected":false},"author":2,"featured_media":9286,"comment_status":"closed","ping_status":"open","sticky":false,"template":"","format":"standard","meta":{"om_disable_all_campaigns":false,"_monsterinsights_skip_tracking":false,"_monsterinsights_sitenote_active":false,"_monsterinsights_sitenote_note":"","_monsterinsights_sitenote_category":0,"_uf_show_specific_survey":0,"_uf_disable_surveys":false,"footnotes":""},"categories":[1],"tags":[],"class_list":["post-9283","post","type-post","status-publish","format-standard","has-post-thumbnail","hentry","category-haberler"],"aioseo_notices":[],"_links":{"self":[{"href":"https:\/\/www.mahkemeler.net\/en\/wp-json\/wp\/v2\/posts\/9283","targetHints":{"allow":["GET"]}}],"collection":[{"href":"https:\/\/www.mahkemeler.net\/en\/wp-json\/wp\/v2\/posts"}],"about":[{"href":"https:\/\/www.mahkemeler.net\/en\/wp-json\/wp\/v2\/types\/post"}],"author":[{"embeddable":true,"href":"https:\/\/www.mahkemeler.net\/en\/wp-json\/wp\/v2\/users\/2"}],"replies":[{"embeddable":true,"href":"https:\/\/www.mahkemeler.net\/en\/wp-json\/wp\/v2\/comments?post=9283"}],"version-history":[{"count":4,"href":"https:\/\/www.mahkemeler.net\/en\/wp-json\/wp\/v2\/posts\/9283\/revisions"}],"predecessor-version":[{"id":9312,"href":"https:\/\/www.mahkemeler.net\/en\/wp-json\/wp\/v2\/posts\/9283\/revisions\/9312"}],"wp:featuredmedia":[{"embeddable":true,"href":"https:\/\/www.mahkemeler.net\/en\/wp-json\/wp\/v2\/media\/9286"}],"wp:attachment":[{"href":"https:\/\/www.mahkemeler.net\/en\/wp-json\/wp\/v2\/media?parent=9283"}],"wp:term":[{"taxonomy":"category","embeddable":true,"href":"https:\/\/www.mahkemeler.net\/en\/wp-json\/wp\/v2\/categories?post=9283"},{"taxonomy":"post_tag","embeddable":true,"href":"https:\/\/www.mahkemeler.net\/en\/wp-json\/wp\/v2\/tags?post=9283"}],"curies":[{"name":"wp","href":"https:\/\/api.w.org\/{rel}","templated":true}]}}