{"id":9268,"date":"2025-05-05T07:48:33","date_gmt":"2025-05-05T05:48:33","guid":{"rendered":"https:\/\/www.mahkemeler.net\/?p=9268"},"modified":"2025-05-05T07:48:36","modified_gmt":"2025-05-05T05:48:36","slug":"yuksek-mahkeme-baskani-sayin-bertan-ozerdag-anayasa-mahkemesinin-63-kurulus-yildonumu-etkinliklerine-katildi","status":"publish","type":"post","link":"https:\/\/www.mahkemeler.net\/en\/archives\/9268","title":{"rendered":"President of the Supreme Court, Mr. Bertan \u00d6zerda\u011f, Attended the 63rd Anniversary Events of the Constitutional Court"},"content":{"rendered":"<p>President of the Supreme Court, Mr. Bertan \u00d6zerda\u011f, attended the ceremony and conference held in Istanbul from April 24 to 27, 2025, on the occasion of the 63rd anniversary of the Constitutional Court of the Republic of Turkey. <\/p>\n\n\n\n<p>The ceremony and conference were attended by presidents and members of high judicial bodies from many countries, international legal organizations, and numerous guests from abroad.<\/p>\n\n\n\n<figure class=\"wp-block-gallery has-nested-images columns-default is-cropped wp-block-gallery-1 is-layout-flex wp-block-gallery-is-layout-flex\">\n<figure class=\"wp-block-image size-large\"><img fetchpriority=\"high\" decoding=\"async\" width=\"1024\" height=\"683\" data-id=\"9270\" src=\"https:\/\/www.mahkemeler.net\/wp-content\/uploads\/2025\/05\/0Q8A8765-1024x683.jpg\" alt=\"\" class=\"wp-image-9270\" srcset=\"https:\/\/www.mahkemeler.net\/wp-content\/uploads\/2025\/05\/0Q8A8765-1024x683.jpg 1024w, https:\/\/www.mahkemeler.net\/wp-content\/uploads\/2025\/05\/0Q8A8765-300x200.jpg 300w, https:\/\/www.mahkemeler.net\/wp-content\/uploads\/2025\/05\/0Q8A8765-768x512.jpg 768w, https:\/\/www.mahkemeler.net\/wp-content\/uploads\/2025\/05\/0Q8A8765-1536x1024.jpg 1536w, https:\/\/www.mahkemeler.net\/wp-content\/uploads\/2025\/05\/0Q8A8765-2048x1365.jpg 2048w, https:\/\/www.mahkemeler.net\/wp-content\/uploads\/2025\/05\/0Q8A8765-18x12.jpg 18w, https:\/\/www.mahkemeler.net\/wp-content\/uploads\/2025\/05\/0Q8A8765-600x400.jpg 600w, https:\/\/www.mahkemeler.net\/wp-content\/uploads\/2025\/05\/0Q8A8765-560x373.jpg 560w\" sizes=\"(max-width: 1024px) 100vw, 1024px\" \/><\/figure>\n\n\n\n<figure class=\"wp-block-image size-large\"><img decoding=\"async\" width=\"1024\" height=\"682\" data-id=\"9269\" src=\"https:\/\/www.mahkemeler.net\/wp-content\/uploads\/2025\/05\/WhatsApp-Image-2025-05-05-at-8.38.42-AM-1024x682.jpeg\" alt=\"\" class=\"wp-image-9269\" srcset=\"https:\/\/www.mahkemeler.net\/wp-content\/uploads\/2025\/05\/WhatsApp-Image-2025-05-05-at-8.38.42-AM-1024x682.jpeg 1024w, https:\/\/www.mahkemeler.net\/wp-content\/uploads\/2025\/05\/WhatsApp-Image-2025-05-05-at-8.38.42-AM-300x200.jpeg 300w, https:\/\/www.mahkemeler.net\/wp-content\/uploads\/2025\/05\/WhatsApp-Image-2025-05-05-at-8.38.42-AM-768x512.jpeg 768w, https:\/\/www.mahkemeler.net\/wp-content\/uploads\/2025\/05\/WhatsApp-Image-2025-05-05-at-8.38.42-AM-1536x1023.jpeg 1536w, https:\/\/www.mahkemeler.net\/wp-content\/uploads\/2025\/05\/WhatsApp-Image-2025-05-05-at-8.38.42-AM-18x12.jpeg 18w, https:\/\/www.mahkemeler.net\/wp-content\/uploads\/2025\/05\/WhatsApp-Image-2025-05-05-at-8.38.42-AM-600x400.jpeg 600w, https:\/\/www.mahkemeler.net\/wp-content\/uploads\/2025\/05\/WhatsApp-Image-2025-05-05-at-8.38.42-AM-560x373.jpeg 560w, https:\/\/www.mahkemeler.net\/wp-content\/uploads\/2025\/05\/WhatsApp-Image-2025-05-05-at-8.38.42-AM.jpeg 1600w\" sizes=\"(max-width: 1024px) 100vw, 1024px\" \/><\/figure>\n<\/figure>","protected":false},"excerpt":{"rendered":"<p>Y\u00fcksek Mahkeme Ba\u015fkan\u0131 Say\u0131n Bertan \u00d6zerda\u011f, T\u00fcrkiye Cumhuriyeti Anayasa Mahkemesinin 63. kurulu\u015f y\u0131ld\u00f6n\u00fcm\u00fc m\u00fcnasebetiyle 24-27 Nisan 2025 tarihinde \u0130stanbul&#8217;da ger\u00e7ekle\u015fen t\u00f6ren ve konferansa kat\u0131ld\u0131. T\u00f6ren ve konferansa bir\u00e7ok \u00fclkenin ve uluslararas\u0131 hukuk organizasyonunun y\u00fcksek yarg\u0131 organ\u0131 ba\u015fkanlar\u0131, \u00fcyeleri ve yurt d\u0131\u015f\u0131ndan \u00e7ok say\u0131da davetli kat\u0131ld\u0131.<\/p>","protected":false},"author":2,"featured_media":9270,"comment_status":"closed","ping_status":"open","sticky":false,"template":"","format":"standard","meta":{"om_disable_all_campaigns":false,"_monsterinsights_skip_tracking":false,"_monsterinsights_sitenote_active":false,"_monsterinsights_sitenote_note":"","_monsterinsights_sitenote_category":0,"_uf_show_specific_survey":0,"_uf_disable_surveys":false,"footnotes":""},"categories":[1],"tags":[],"class_list":["post-9268","post","type-post","status-publish","format-standard","has-post-thumbnail","hentry","category-haberler"],"aioseo_notices":[],"_links":{"self":[{"href":"https:\/\/www.mahkemeler.net\/en\/wp-json\/wp\/v2\/posts\/9268","targetHints":{"allow":["GET"]}}],"collection":[{"href":"https:\/\/www.mahkemeler.net\/en\/wp-json\/wp\/v2\/posts"}],"about":[{"href":"https:\/\/www.mahkemeler.net\/en\/wp-json\/wp\/v2\/types\/post"}],"author":[{"embeddable":true,"href":"https:\/\/www.mahkemeler.net\/en\/wp-json\/wp\/v2\/users\/2"}],"replies":[{"embeddable":true,"href":"https:\/\/www.mahkemeler.net\/en\/wp-json\/wp\/v2\/comments?post=9268"}],"version-history":[{"count":2,"href":"https:\/\/www.mahkemeler.net\/en\/wp-json\/wp\/v2\/posts\/9268\/revisions"}],"predecessor-version":[{"id":9272,"href":"https:\/\/www.mahkemeler.net\/en\/wp-json\/wp\/v2\/posts\/9268\/revisions\/9272"}],"wp:featuredmedia":[{"embeddable":true,"href":"https:\/\/www.mahkemeler.net\/en\/wp-json\/wp\/v2\/media\/9270"}],"wp:attachment":[{"href":"https:\/\/www.mahkemeler.net\/en\/wp-json\/wp\/v2\/media?parent=9268"}],"wp:term":[{"taxonomy":"category","embeddable":true,"href":"https:\/\/www.mahkemeler.net\/en\/wp-json\/wp\/v2\/categories?post=9268"},{"taxonomy":"post_tag","embeddable":true,"href":"https:\/\/www.mahkemeler.net\/en\/wp-json\/wp\/v2\/tags?post=9268"}],"curies":[{"name":"wp","href":"https:\/\/api.w.org\/{rel}","templated":true}]}}