{"id":9081,"date":"2025-01-20T12:05:18","date_gmt":"2025-01-20T10:05:18","guid":{"rendered":"https:\/\/www.mahkemeler.net\/?p=9081"},"modified":"2025-01-20T12:05:20","modified_gmt":"2025-01-20T10:05:20","slug":"yuksek-mahkeme-baskani-ozerdag-yuksek-mahkemenin-yeni-binasinin-insasina-cok-yakinda-baslanacak","status":"publish","type":"post","link":"https:\/\/www.mahkemeler.net\/en\/archives\/9081","title":{"rendered":"Supreme Court President \u00d6zerda\u011f: \u201cConstruction of the New Supreme Court Building Will Start Soon\u201d"},"content":{"rendered":"<p>Supreme Court President Bertan \u00d6zerda\u011f made statements to the Turkish News Agency Cyprus (TAK)<\/p>\n\n\n\n<p>\u201cThe construction of the new Supreme Court building will be carried out in the framework of the protocol between the TRNC and the Republic of Turkey concerning the Metehan premises\u201d<\/p>\n\n\n\n<p>\u201cThe three powers that constitute the state -legislative, executive, and judicial\u2014will be located side by side\u201d<\/p>\n\n\n\n<p>\u201cThe construction area will be nearly 7,000 square meters. The building will include a conference hall with a capacity for 300 people, five courtrooms, meeting rooms for the Supreme Council of Judicature and the Supreme Court, rooms for prosecutors and lawyers, and a large library\u201d<\/p>\n\n\n\n<p>\u201cWe aim to establish a second Assize Court in Nicosia\u201d<\/p>\n\n\n\n<p>\u201cSerious work is being carried out concerning court buildings throughout the country\u201d<\/p>\n\n\n\n<p>\u201cAs there are not enough halls and rooms at Assize Court of Famagusta, sessions are held at District Court of \u0130skele\u201d<\/p>\n\n\n\n<p>\u201cIn order to have a judiciary that serves faster and under better conditions, capacity problems must be eliminated\u201d<\/p>\n\n\n\n<p>Nicosia, January 19, 2025 (TAK): Supreme Court President Bertan \u00d6zerda\u011f announced that the construction of the new Supreme Court building in Metehan will start soon.<\/p>\n\n\n\n<p>\u00d6zerda\u011f stated, \u201cThe three powers that constitute the state - legislative, executive, and judiciary- will be located along the same route side by side.\u201d He noted that the new building would be constructed under the protocol between the Turkish Republic of Northern Cyprus and the Republic of Turkey concerning the Metehan premises.<\/p>\n\n\n\n<p>He added that the construction area would be nearly 7,000 square meters, stating: \u201cThe new building will have a conference hall with a capacity for 300 people, five courtrooms for the use of the Supreme Court, meeting rooms for both the Supreme Council of Judicature and the Supreme Court, rooms for prosecutors and lawyers, and a large library.\u201d<\/p>\n\n\n\n<p>\u00d6zerda\u011f explained that detainees and convicts coming for appeals would be kept in the building's basement and would be brought into the courtroom through a special corridor from below. He added that the new building would also house the Supreme Court Secretariat, Supreme Court registry offices, and the information technology department.<\/p>\n\n\n\n<p>Referring to the work carried out to address the shortcomings related to the court buildings throughout the country, \u00d6zerda\u011f noted that serious work is being carried out in this regard. \u00d6zerda\u011f emphasised that capacity problems must be eliminated in order to have a judiciary that serves the citizens faster and under better conditions.<\/p>\n\n\n\n<ul class=\"wp-block-list\">\n<li>\u201cThe Supreme Court has been working on this project since 2015\u201d<\/li>\n<\/ul>\n\n\n\n<p>Speaking to the Turkish Agency Cyprus (TAK) reporter, President of the Supreme Court Bertan \u00d6zerda\u011f stated that the Supreme Court has been carrying out a project for the construction of a new building in the Metehan region since 2015 following the decisions taken by the Supreme Court at that time.<\/p>\n\n\n\n<p>\u00d6zerda\u011f further explained, \u201cIn recent years, with the construction of buildings belonging to other constitutional powers in the Metehan region in the form of premises, upon our requests by exchanging the insufficient area given in 2015 in the same region for the Supreme Court building, a land was allocated for the construction of a new Supreme Court building that will be located in line with other buildings but separately from them.\u201d<\/p>\n\n\n\n<p>Bertan \u00d6zerda\u011f announced that in line with the decisions taken by the Supreme Court and the Supreme Council of Judicature, the land allocation and project design of the new building have reached the final stage. Stating that the construction of the new building will be carried out within the framework of the protocol between the Turkish Republic of Northern Cyprus and the Republic of Turkey regarding the Metehan premises, \u00d6zerda\u011f said, \u201cI would like to take this opportunity to thank the Republic of Turkey and the TRNC authorities for supporting the realisation of the project.\u201d<\/p>\n\n\n\n<p>\u00d6zerda\u011f continued as follows:<\/p>\n\n\n\n<p>\u201cIn addition to the legislative and executive powers of our country, which are the three powers determined in the Constitution, a building where the Supreme Court, which is the judicial power, and the Supreme Council of Judicature will also operate will be built within the premises to be located in the Metehan region. Thus, both the realisation of the project for the construction of a new Supreme Court building in the Metehan region, which was initiated by the Supreme Court in 2015, and the representation of the three powers that make up the state, \u2018legislative, executive and judicial\u2019 powers, which we see in some other countries, will be ensured.\u201d<\/p>\n\n\n\n<ul class=\"wp-block-list\">\n<li>\u201cThe construction of the Supreme Court building is planned to start soon\u201d<\/li>\n<\/ul>\n\n\n\n<p>Noting that the construction of the new building of the Supreme Court is planned to start in February, \u00d6zerda\u011f stated that according to the information they have obtained, the building is expected to be completed in early 2026.<\/p>\n\n\n\n<p>Stating that the building currently in use by the Supreme Court is insufficient to meet the needs of the day, \u00d6zerda\u011f stated that the Supreme Court will have a building designed specifically for judicial and administrative activities for the first time.<\/p>\n\n\n\n<p>\u00d6zerda\u011f pointed out that the new building will enhance efficiency and speed in the work of the Supreme Court and emphasised that the building will make a great contribution to the conduct of judicial work with the latest technology and will be used exclusively by the Supreme Court to carry out judicial proceedings and administrative activities of the Supreme Court.<\/p>\n\n\n\n<ul class=\"wp-block-list\">\n<li>\u201cThe construction area will be nearly 7,000 square meters\u201d<\/li>\n<\/ul>\n\n\n\n<p>Stating that the building, which was designed with architectural services to meet specific needs, will include important usage areas and it will be constructed with state-of-the-art technology, \u00d6zerda\u011f said, \u201cThe building will be built on a total of four floors, including basement and three floors, and the construction area will be nearly 7 thousand square metres. The building will include a conference room with a capacity of 300 people and 5 hearing rooms. In addition, meeting rooms will be built for both the Supreme Council of Judicature and the Supreme Court. The building will have rooms for the use of prosecutors and lawyers and will have a large library.\u201d<\/p>\n\n\n\n<p>He also noted that the Supreme Court\u2019s registrar offices would be divided into two sections for the first time and will provide better service, and that the General Secretariat and IT departments would also serve in the new building.<\/p>\n\n\n\n<p>\u00d6zerda\u011f said, \u201cThere will be 3 different cafeterias in the Supreme Court building, which will be used by judges, staff, lawyers and the public. Detainees and convicts coming to the criminal appeals will be kept in the basement and will be taken to the hall from the special corridor from below. Security measures will be heightened.\u201d<\/p>\n\n\n\n<ul class=\"wp-block-list\">\n<li>\u201cThe building in Saray\u00f6n\u00fc will continue to serve as the District Court of Nicosia. We aim to establish a second Assize Court here.\u201d<\/li>\n<\/ul>\n\n\n\n<p>\u00d6zerda\u011f stated that with the Supreme Court moving to the new building, its current space would be allocated to the District Court of Nicosia. This would greatly increase the working area capacity of the District Court of Nicosia, addressing many of its issues.<\/p>\n\n\n\n<p>Emphasising that they aim to establish a second Assize Court at the District Court of Nicosia, \u00d6zerda\u011f said, \u201cWe aim to increase the number of judges in the District Court of Nicosia, where especially important commercial cases and requests related to companies are discussed, from 12 and to create fully staffed court committees where two new judges will sit. In the long term, the number of judges may go up to 18. In this way, we plan to speed up the judgement processes of both criminal and important commercial cases and to prevent the loss of time caused by the courts' workload.\u201d<\/p>\n\n\n\n<ul class=\"wp-block-list\">\n<li>\u201cSecurity measures of the District Court of Nicosia will be increased, an elevator for the persons with disabilities will be put into service in February\u201d<\/li>\n<\/ul>\n\n\n\n<p>\u00d6zerda\u011f stated that the District Court of Nicosia will switch from the small-sized courtrooms currently in use to more useful courtrooms, and that new arrangements will be made to ensure that the detainees and convicts brought to court in criminal cases are brought before the court in a safer way and kept in a secure environment.<\/p>\n\n\n\n<p>Stating that they plan to increase security measures at the District Court of Nicosia, \u00d6zerda\u011f also stated that a tender will be issued for a major restoration and renovation of the building in 2025. \u00d6zerda\u011f also emphasised that the construction of an elevator at the District Court of Nicosia, which will be used by persons with disabilities and elderly citizens for the first time in a public building together with the District Court of Kyrenia, will be completed in February 2025.<\/p>\n\n\n\n<p>Underlining that the District Court of Nicosia will continue to serve the people of Nicosia with a stronger staff and capacity from the building in Saray\u00f6n\u00fc, \u00d6zerda\u011f said, \u201cWe aim to provide better service to our people by providing this place with a court area that can work better and with high capacity.\u201d<\/p>\n\n\n\n<ul class=\"wp-block-list\">\n<li>\u201cSerious work is being carried out concerning court buildings throughout the country\u201d<\/li>\n<\/ul>\n\n\n\n<p>Referring to the situation regarding the court buildings throughout the country, \u00d6zerda\u011f stated that serious work is being carried out in this regard.<\/p>\n\n\n\n<p>Stating that the working areas of Kyrenia and Famagusta courts are insufficient in terms of capacity, \u00d6zerda\u011f continued his speech as follows:<\/p>\n\n\n\n<p>\u201cWe have requested from the state to expand the working areas of the courts for both Kyrenia and Famagusta. We are focusing on two alternatives in Kyrenia. Either Kyrenia Ak\u00e7i\u00e7ek Hospital will be given to us or in addition to the existing District Court of Kyrenia, we are planning to build a court building on the entire land diagonally across the court, part of which is currently used by the court and part by a government office. We have had meetings on this issue.<\/p>\n\n\n\n<p>The current building of the District Court of Kyrenia is far from providing sufficient space for the judicial activities of both criminal and civil cases. For this reason, there are difficulties in taking the necessary security measures.<\/p>\n\n\n\n<p>With the building to be constructed in the future, it may be considered to use the existing building for civil cases and the new building, which will be located in the area diagonally across the new court building, for criminal cases. We can see that the building of the District Court of Kyrenia is inadequate and better security measures need to be taken.\u201d<\/p>\n\n\n\n<ul class=\"wp-block-list\">\n<li>\u201cAssize Court of Famagusta is currently operating in \u0130skele\u201d<\/li>\n<\/ul>\n\n\n\n<p>\u00d6zerda\u011f stated that the capacity of the court will be increased with the construction of an additional building on the empty land next to the Famagusta Court.<\/p>\n\n\n\n<p>\u201cSince there are not enough halls and rooms in the Assize Court of Famagusta, sessions are held at the District Court of \u0130skele. This is not only impractical for the judicial community, but also creates discomfort.\u201d \u00d6zerda\u011f stated that their goal is to ensure that the Assize Court of Famagusta has the opportunity to operate within its own district borders again.<\/p>\n\n\n\n<p>\u00d6zerda\u011f emphasised that in order to have a judiciary that serves faster and under better conditions, capacity problems should be eliminated and stated that they have identified the deficiencies related to the capacities of \u201ctechnology, building, personnel and judges\u201d and that they are constantly working to find solutions. \u00d6zerda\u011f said, \u201cWe are aware that we cannot recruit judges as long as we do not have a building. In order to recruit judges, we need to solve the building problem.\u201d<\/p>\n\n\n\n<figure class=\"wp-block-gallery has-nested-images columns-default is-cropped wp-block-gallery-1 is-layout-flex wp-block-gallery-is-layout-flex\">\n<figure class=\"wp-block-image size-large\"><img fetchpriority=\"high\" decoding=\"async\" width=\"1024\" height=\"684\" data-id=\"9082\" src=\"https:\/\/www.mahkemeler.net\/wp-content\/uploads\/2025\/01\/WhatsApp-Image-2025-01-20-at-11.55.15-AM-1-1024x684.jpeg\" alt=\"\" class=\"wp-image-9082\" srcset=\"https:\/\/www.mahkemeler.net\/wp-content\/uploads\/2025\/01\/WhatsApp-Image-2025-01-20-at-11.55.15-AM-1-1024x684.jpeg 1024w, https:\/\/www.mahkemeler.net\/wp-content\/uploads\/2025\/01\/WhatsApp-Image-2025-01-20-at-11.55.15-AM-1-300x200.jpeg 300w, https:\/\/www.mahkemeler.net\/wp-content\/uploads\/2025\/01\/WhatsApp-Image-2025-01-20-at-11.55.15-AM-1-768x513.jpeg 768w, https:\/\/www.mahkemeler.net\/wp-content\/uploads\/2025\/01\/WhatsApp-Image-2025-01-20-at-11.55.15-AM-1-1536x1025.jpeg 1536w, https:\/\/www.mahkemeler.net\/wp-content\/uploads\/2025\/01\/WhatsApp-Image-2025-01-20-at-11.55.15-AM-1-18x12.jpeg 18w, https:\/\/www.mahkemeler.net\/wp-content\/uploads\/2025\/01\/WhatsApp-Image-2025-01-20-at-11.55.15-AM-1-600x401.jpeg 600w, https:\/\/www.mahkemeler.net\/wp-content\/uploads\/2025\/01\/WhatsApp-Image-2025-01-20-at-11.55.15-AM-1-560x374.jpeg 560w, https:\/\/www.mahkemeler.net\/wp-content\/uploads\/2025\/01\/WhatsApp-Image-2025-01-20-at-11.55.15-AM-1.jpeg 1600w\" sizes=\"(max-width: 1024px) 100vw, 1024px\" \/><\/figure>\n\n\n\n<figure class=\"wp-block-image size-large\"><img decoding=\"async\" width=\"684\" height=\"1024\" data-id=\"9086\" src=\"https:\/\/www.mahkemeler.net\/wp-content\/uploads\/2025\/01\/WhatsApp-Image-2025-01-20-at-11.55.16-AM-2-684x1024.jpeg\" alt=\"\" class=\"wp-image-9086\" srcset=\"https:\/\/www.mahkemeler.net\/wp-content\/uploads\/2025\/01\/WhatsApp-Image-2025-01-20-at-11.55.16-AM-2-684x1024.jpeg 684w, https:\/\/www.mahkemeler.net\/wp-content\/uploads\/2025\/01\/WhatsApp-Image-2025-01-20-at-11.55.16-AM-2-200x300.jpeg 200w, https:\/\/www.mahkemeler.net\/wp-content\/uploads\/2025\/01\/WhatsApp-Image-2025-01-20-at-11.55.16-AM-2-768x1151.jpeg 768w, https:\/\/www.mahkemeler.net\/wp-content\/uploads\/2025\/01\/WhatsApp-Image-2025-01-20-at-11.55.16-AM-2-1025x1536.jpeg 1025w, https:\/\/www.mahkemeler.net\/wp-content\/uploads\/2025\/01\/WhatsApp-Image-2025-01-20-at-11.55.16-AM-2-8x12.jpeg 8w, https:\/\/www.mahkemeler.net\/wp-content\/uploads\/2025\/01\/WhatsApp-Image-2025-01-20-at-11.55.16-AM-2-401x600.jpeg 401w, https:\/\/www.mahkemeler.net\/wp-content\/uploads\/2025\/01\/WhatsApp-Image-2025-01-20-at-11.55.16-AM-2-374x560.jpeg 374w, https:\/\/www.mahkemeler.net\/wp-content\/uploads\/2025\/01\/WhatsApp-Image-2025-01-20-at-11.55.16-AM-2.jpeg 1068w\" sizes=\"(max-width: 684px) 100vw, 684px\" \/><\/figure>\n\n\n\n<figure class=\"wp-block-image size-large\"><img decoding=\"async\" width=\"1024\" height=\"684\" data-id=\"9084\" src=\"https:\/\/www.mahkemeler.net\/wp-content\/uploads\/2025\/01\/WhatsApp-Image-2025-01-20-at-11.55.15-AM-1024x684.jpeg\" alt=\"\" class=\"wp-image-9084\" srcset=\"https:\/\/www.mahkemeler.net\/wp-content\/uploads\/2025\/01\/WhatsApp-Image-2025-01-20-at-11.55.15-AM-1024x684.jpeg 1024w, https:\/\/www.mahkemeler.net\/wp-content\/uploads\/2025\/01\/WhatsApp-Image-2025-01-20-at-11.55.15-AM-300x200.jpeg 300w, https:\/\/www.mahkemeler.net\/wp-content\/uploads\/2025\/01\/WhatsApp-Image-2025-01-20-at-11.55.15-AM-768x513.jpeg 768w, https:\/\/www.mahkemeler.net\/wp-content\/uploads\/2025\/01\/WhatsApp-Image-2025-01-20-at-11.55.15-AM-1536x1025.jpeg 1536w, https:\/\/www.mahkemeler.net\/wp-content\/uploads\/2025\/01\/WhatsApp-Image-2025-01-20-at-11.55.15-AM-18x12.jpeg 18w, https:\/\/www.mahkemeler.net\/wp-content\/uploads\/2025\/01\/WhatsApp-Image-2025-01-20-at-11.55.15-AM-600x401.jpeg 600w, https:\/\/www.mahkemeler.net\/wp-content\/uploads\/2025\/01\/WhatsApp-Image-2025-01-20-at-11.55.15-AM-560x374.jpeg 560w, https:\/\/www.mahkemeler.net\/wp-content\/uploads\/2025\/01\/WhatsApp-Image-2025-01-20-at-11.55.15-AM.jpeg 1600w\" sizes=\"(max-width: 1024px) 100vw, 1024px\" \/><\/figure>\n\n\n\n<figure class=\"wp-block-image size-large\"><img loading=\"lazy\" decoding=\"async\" width=\"1024\" height=\"684\" data-id=\"9083\" src=\"https:\/\/www.mahkemeler.net\/wp-content\/uploads\/2025\/01\/WhatsApp-Image-2025-01-20-at-11.55.15-AM-2-1024x684.jpeg\" alt=\"\" class=\"wp-image-9083\" srcset=\"https:\/\/www.mahkemeler.net\/wp-content\/uploads\/2025\/01\/WhatsApp-Image-2025-01-20-at-11.55.15-AM-2-1024x684.jpeg 1024w, https:\/\/www.mahkemeler.net\/wp-content\/uploads\/2025\/01\/WhatsApp-Image-2025-01-20-at-11.55.15-AM-2-300x200.jpeg 300w, https:\/\/www.mahkemeler.net\/wp-content\/uploads\/2025\/01\/WhatsApp-Image-2025-01-20-at-11.55.15-AM-2-768x513.jpeg 768w, https:\/\/www.mahkemeler.net\/wp-content\/uploads\/2025\/01\/WhatsApp-Image-2025-01-20-at-11.55.15-AM-2-1536x1025.jpeg 1536w, https:\/\/www.mahkemeler.net\/wp-content\/uploads\/2025\/01\/WhatsApp-Image-2025-01-20-at-11.55.15-AM-2-18x12.jpeg 18w, https:\/\/www.mahkemeler.net\/wp-content\/uploads\/2025\/01\/WhatsApp-Image-2025-01-20-at-11.55.15-AM-2-600x401.jpeg 600w, https:\/\/www.mahkemeler.net\/wp-content\/uploads\/2025\/01\/WhatsApp-Image-2025-01-20-at-11.55.15-AM-2-560x374.jpeg 560w, https:\/\/www.mahkemeler.net\/wp-content\/uploads\/2025\/01\/WhatsApp-Image-2025-01-20-at-11.55.15-AM-2.jpeg 1600w\" sizes=\"(max-width: 1024px) 100vw, 1024px\" \/><\/figure>\n\n\n\n<figure class=\"wp-block-image size-large\"><img loading=\"lazy\" decoding=\"async\" width=\"1024\" height=\"684\" data-id=\"9088\" src=\"https:\/\/www.mahkemeler.net\/wp-content\/uploads\/2025\/01\/WhatsApp-Image-2025-01-20-at-11.55.14-AM-1024x684.jpeg\" alt=\"\" class=\"wp-image-9088\" srcset=\"https:\/\/www.mahkemeler.net\/wp-content\/uploads\/2025\/01\/WhatsApp-Image-2025-01-20-at-11.55.14-AM-1024x684.jpeg 1024w, https:\/\/www.mahkemeler.net\/wp-content\/uploads\/2025\/01\/WhatsApp-Image-2025-01-20-at-11.55.14-AM-300x200.jpeg 300w, https:\/\/www.mahkemeler.net\/wp-content\/uploads\/2025\/01\/WhatsApp-Image-2025-01-20-at-11.55.14-AM-768x513.jpeg 768w, https:\/\/www.mahkemeler.net\/wp-content\/uploads\/2025\/01\/WhatsApp-Image-2025-01-20-at-11.55.14-AM-1536x1025.jpeg 1536w, https:\/\/www.mahkemeler.net\/wp-content\/uploads\/2025\/01\/WhatsApp-Image-2025-01-20-at-11.55.14-AM-18x12.jpeg 18w, https:\/\/www.mahkemeler.net\/wp-content\/uploads\/2025\/01\/WhatsApp-Image-2025-01-20-at-11.55.14-AM-600x401.jpeg 600w, https:\/\/www.mahkemeler.net\/wp-content\/uploads\/2025\/01\/WhatsApp-Image-2025-01-20-at-11.55.14-AM-560x374.jpeg 560w, https:\/\/www.mahkemeler.net\/wp-content\/uploads\/2025\/01\/WhatsApp-Image-2025-01-20-at-11.55.14-AM.jpeg 1600w\" sizes=\"(max-width: 1024px) 100vw, 1024px\" \/><\/figure>\n\n\n\n<figure class=\"wp-block-image size-large\"><img loading=\"lazy\" decoding=\"async\" width=\"1024\" height=\"576\" data-id=\"9087\" src=\"https:\/\/www.mahkemeler.net\/wp-content\/uploads\/2025\/01\/WhatsApp-Image-2025-01-20-at-11.55.16-AM-1024x576.jpeg\" alt=\"\" class=\"wp-image-9087\" srcset=\"https:\/\/www.mahkemeler.net\/wp-content\/uploads\/2025\/01\/WhatsApp-Image-2025-01-20-at-11.55.16-AM-1024x576.jpeg 1024w, https:\/\/www.mahkemeler.net\/wp-content\/uploads\/2025\/01\/WhatsApp-Image-2025-01-20-at-11.55.16-AM-300x169.jpeg 300w, https:\/\/www.mahkemeler.net\/wp-content\/uploads\/2025\/01\/WhatsApp-Image-2025-01-20-at-11.55.16-AM-768x432.jpeg 768w, https:\/\/www.mahkemeler.net\/wp-content\/uploads\/2025\/01\/WhatsApp-Image-2025-01-20-at-11.55.16-AM-1536x864.jpeg 1536w, https:\/\/www.mahkemeler.net\/wp-content\/uploads\/2025\/01\/WhatsApp-Image-2025-01-20-at-11.55.16-AM-18x10.jpeg 18w, https:\/\/www.mahkemeler.net\/wp-content\/uploads\/2025\/01\/WhatsApp-Image-2025-01-20-at-11.55.16-AM-600x338.jpeg 600w, https:\/\/www.mahkemeler.net\/wp-content\/uploads\/2025\/01\/WhatsApp-Image-2025-01-20-at-11.55.16-AM-560x315.jpeg 560w, https:\/\/www.mahkemeler.net\/wp-content\/uploads\/2025\/01\/WhatsApp-Image-2025-01-20-at-11.55.16-AM.jpeg 1600w\" sizes=\"(max-width: 1024px) 100vw, 1024px\" \/><\/figure>\n\n\n\n<figure class=\"wp-block-image size-large\"><img loading=\"lazy\" decoding=\"async\" width=\"1024\" height=\"576\" data-id=\"9085\" src=\"https:\/\/www.mahkemeler.net\/wp-content\/uploads\/2025\/01\/WhatsApp-Image-2025-01-20-at-11.55.16-AM-1-1024x576.jpeg\" alt=\"\" class=\"wp-image-9085\" srcset=\"https:\/\/www.mahkemeler.net\/wp-content\/uploads\/2025\/01\/WhatsApp-Image-2025-01-20-at-11.55.16-AM-1-1024x576.jpeg 1024w, https:\/\/www.mahkemeler.net\/wp-content\/uploads\/2025\/01\/WhatsApp-Image-2025-01-20-at-11.55.16-AM-1-300x169.jpeg 300w, https:\/\/www.mahkemeler.net\/wp-content\/uploads\/2025\/01\/WhatsApp-Image-2025-01-20-at-11.55.16-AM-1-768x432.jpeg 768w, https:\/\/www.mahkemeler.net\/wp-content\/uploads\/2025\/01\/WhatsApp-Image-2025-01-20-at-11.55.16-AM-1-1536x864.jpeg 1536w, https:\/\/www.mahkemeler.net\/wp-content\/uploads\/2025\/01\/WhatsApp-Image-2025-01-20-at-11.55.16-AM-1-18x10.jpeg 18w, https:\/\/www.mahkemeler.net\/wp-content\/uploads\/2025\/01\/WhatsApp-Image-2025-01-20-at-11.55.16-AM-1-600x338.jpeg 600w, https:\/\/www.mahkemeler.net\/wp-content\/uploads\/2025\/01\/WhatsApp-Image-2025-01-20-at-11.55.16-AM-1-560x315.jpeg 560w, https:\/\/www.mahkemeler.net\/wp-content\/uploads\/2025\/01\/WhatsApp-Image-2025-01-20-at-11.55.16-AM-1.jpeg 1600w\" sizes=\"(max-width: 1024px) 100vw, 1024px\" \/><\/figure>\n<\/figure>","protected":false},"excerpt":{"rendered":"<p>Y\u00fcksek Mahkeme Ba\u015fkan\u0131 Bertan \u00d6zerda\u011f, TAK\u2019a a\u00e7\u0131klamalarda bulundu \u201cKKTC ile TC aras\u0131ndaki Metehan yerle\u015fkesiyle ilgili protokol \u00e7er\u00e7evesinde Y\u00fcksek Mahkeme\u2019nin yeni binas\u0131n\u0131n in\u015faat\u0131 yap\u0131lacak\u201d \u201cDevleti olu\u015fturan \u00fc\u00e7 erk; yasama, y\u00fcr\u00fctme ve yarg\u0131 yan yana olacak\u201d \u201c\u0130n\u015faat alan\u0131, 7 bin metrekareye yak\u0131n olacak. Binada 300 ki\u015fi kapasiteli bir konferans ve be\u015f duru\u015fma salonu, Y\u00fcksek Adliye Kurulu\u2019nun ve [&hellip;]<\/p>","protected":false},"author":2,"featured_media":9082,"comment_status":"closed","ping_status":"open","sticky":false,"template":"","format":"standard","meta":{"om_disable_all_campaigns":false,"_monsterinsights_skip_tracking":false,"_monsterinsights_sitenote_active":false,"_monsterinsights_sitenote_note":"","_monsterinsights_sitenote_category":0,"_uf_show_specific_survey":0,"_uf_disable_surveys":false,"footnotes":""},"categories":[1],"tags":[],"class_list":["post-9081","post","type-post","status-publish","format-standard","has-post-thumbnail","hentry","category-haberler"],"aioseo_notices":[],"_links":{"self":[{"href":"https:\/\/www.mahkemeler.net\/en\/wp-json\/wp\/v2\/posts\/9081","targetHints":{"allow":["GET"]}}],"collection":[{"href":"https:\/\/www.mahkemeler.net\/en\/wp-json\/wp\/v2\/posts"}],"about":[{"href":"https:\/\/www.mahkemeler.net\/en\/wp-json\/wp\/v2\/types\/post"}],"author":[{"embeddable":true,"href":"https:\/\/www.mahkemeler.net\/en\/wp-json\/wp\/v2\/users\/2"}],"replies":[{"embeddable":true,"href":"https:\/\/www.mahkemeler.net\/en\/wp-json\/wp\/v2\/comments?post=9081"}],"version-history":[{"count":2,"href":"https:\/\/www.mahkemeler.net\/en\/wp-json\/wp\/v2\/posts\/9081\/revisions"}],"predecessor-version":[{"id":9090,"href":"https:\/\/www.mahkemeler.net\/en\/wp-json\/wp\/v2\/posts\/9081\/revisions\/9090"}],"wp:featuredmedia":[{"embeddable":true,"href":"https:\/\/www.mahkemeler.net\/en\/wp-json\/wp\/v2\/media\/9082"}],"wp:attachment":[{"href":"https:\/\/www.mahkemeler.net\/en\/wp-json\/wp\/v2\/media?parent=9081"}],"wp:term":[{"taxonomy":"category","embeddable":true,"href":"https:\/\/www.mahkemeler.net\/en\/wp-json\/wp\/v2\/categories?post=9081"},{"taxonomy":"post_tag","embeddable":true,"href":"https:\/\/www.mahkemeler.net\/en\/wp-json\/wp\/v2\/tags?post=9081"}],"curies":[{"name":"wp","href":"https:\/\/api.w.org\/{rel}","templated":true}]}}