{"id":9002,"date":"2024-12-27T08:57:55","date_gmt":"2024-12-27T06:57:55","guid":{"rendered":"https:\/\/www.mahkemeler.net\/?p=9002"},"modified":"2024-12-27T08:57:57","modified_gmt":"2024-12-27T06:57:57","slug":"bakude-gerceklestirilen-hukuki-iliskilerde-ulusotesi-yonler-konulu-konferansa-kktc-mahkemesinden-yargiclar-katildi","status":"publish","type":"post","link":"https:\/\/www.mahkemeler.net\/en\/archives\/9002","title":{"rendered":"Judges from the TRNC Court attended the Conference on Transnational Aspects in Legal Relations held in Baku"},"content":{"rendered":"<p>This year's conference of the Organisation of Turkic States was held in Baku on December 17-18, 2024 on \u2018Transnational Aspects in Legal Relations: Modern Challenges and Goals'. Participants from Turkey, Azerbaijan, Uzbekistan, Kyrgyzstan, Kazakhstan and the Turkish Republic of Northern Cyprus attended the conference. Within the program, the participants shared information about the legal situation in their countries, while Senior District Judge Umut \u0130nan and District Judge Dil\u015fah Karayel, representing the Court of the Turkish Republic of Northern Cyprus, made presentations on corporate law and the fight against environmental violations.<\/p>\n\n\n\n<figure class=\"wp-block-gallery has-nested-images columns-default is-cropped wp-block-gallery-1 is-layout-flex wp-block-gallery-is-layout-flex\">\n<figure class=\"wp-block-image size-large\"><img fetchpriority=\"high\" decoding=\"async\" width=\"1024\" height=\"768\" data-id=\"9009\" src=\"https:\/\/www.mahkemeler.net\/wp-content\/uploads\/2024\/12\/Picture004-1-1024x768.jpg\" alt=\"\" class=\"wp-image-9009\" srcset=\"https:\/\/www.mahkemeler.net\/wp-content\/uploads\/2024\/12\/Picture004-1-1024x768.jpg 1024w, https:\/\/www.mahkemeler.net\/wp-content\/uploads\/2024\/12\/Picture004-1-300x225.jpg 300w, https:\/\/www.mahkemeler.net\/wp-content\/uploads\/2024\/12\/Picture004-1-768x576.jpg 768w, https:\/\/www.mahkemeler.net\/wp-content\/uploads\/2024\/12\/Picture004-1-16x12.jpg 16w, https:\/\/www.mahkemeler.net\/wp-content\/uploads\/2024\/12\/Picture004-1-600x450.jpg 600w, https:\/\/www.mahkemeler.net\/wp-content\/uploads\/2024\/12\/Picture004-1-560x420.jpg 560w, https:\/\/www.mahkemeler.net\/wp-content\/uploads\/2024\/12\/Picture004-1.jpg 1379w\" sizes=\"(max-width: 1024px) 100vw, 1024px\" \/><\/figure>\n\n\n\n<figure class=\"wp-block-image size-large\"><img decoding=\"async\" width=\"602\" height=\"451\" data-id=\"9007\" src=\"https:\/\/www.mahkemeler.net\/wp-content\/uploads\/2024\/12\/Picture003-1.jpg\" alt=\"\" class=\"wp-image-9007\" srcset=\"https:\/\/www.mahkemeler.net\/wp-content\/uploads\/2024\/12\/Picture003-1.jpg 602w, https:\/\/www.mahkemeler.net\/wp-content\/uploads\/2024\/12\/Picture003-1-300x225.jpg 300w, https:\/\/www.mahkemeler.net\/wp-content\/uploads\/2024\/12\/Picture003-1-16x12.jpg 16w, https:\/\/www.mahkemeler.net\/wp-content\/uploads\/2024\/12\/Picture003-1-600x450.jpg 600w, https:\/\/www.mahkemeler.net\/wp-content\/uploads\/2024\/12\/Picture003-1-560x420.jpg 560w\" sizes=\"(max-width: 602px) 100vw, 602px\" \/><\/figure>\n\n\n\n<figure class=\"wp-block-image size-large\"><img decoding=\"async\" width=\"602\" height=\"338\" data-id=\"9010\" src=\"https:\/\/www.mahkemeler.net\/wp-content\/uploads\/2024\/12\/Picture002-1.jpg\" alt=\"\" class=\"wp-image-9010\" srcset=\"https:\/\/www.mahkemeler.net\/wp-content\/uploads\/2024\/12\/Picture002-1.jpg 602w, https:\/\/www.mahkemeler.net\/wp-content\/uploads\/2024\/12\/Picture002-1-300x168.jpg 300w, https:\/\/www.mahkemeler.net\/wp-content\/uploads\/2024\/12\/Picture002-1-18x10.jpg 18w, https:\/\/www.mahkemeler.net\/wp-content\/uploads\/2024\/12\/Picture002-1-600x337.jpg 600w, https:\/\/www.mahkemeler.net\/wp-content\/uploads\/2024\/12\/Picture002-1-560x314.jpg 560w\" sizes=\"(max-width: 602px) 100vw, 602px\" \/><\/figure>\n\n\n\n<figure class=\"wp-block-image size-large\"><img loading=\"lazy\" decoding=\"async\" width=\"602\" height=\"401\" data-id=\"9008\" src=\"https:\/\/www.mahkemeler.net\/wp-content\/uploads\/2024\/12\/Picture1-1.jpg\" alt=\"\" class=\"wp-image-9008\" srcset=\"https:\/\/www.mahkemeler.net\/wp-content\/uploads\/2024\/12\/Picture1-1.jpg 602w, https:\/\/www.mahkemeler.net\/wp-content\/uploads\/2024\/12\/Picture1-1-300x200.jpg 300w, https:\/\/www.mahkemeler.net\/wp-content\/uploads\/2024\/12\/Picture1-1-18x12.jpg 18w, https:\/\/www.mahkemeler.net\/wp-content\/uploads\/2024\/12\/Picture1-1-600x400.jpg 600w, https:\/\/www.mahkemeler.net\/wp-content\/uploads\/2024\/12\/Picture1-1-560x373.jpg 560w\" sizes=\"(max-width: 602px) 100vw, 602px\" \/><\/figure>\n<\/figure>","protected":false},"excerpt":{"rendered":"<p>T\u00fcrk Devletleri Te\u015fkilat\u0131 b\u00fcnyesinde ger\u00e7ekle\u015ftirilen konferans bu y\u0131l 17 Aral\u0131k &#8211; 18 Aral\u0131k 2024 tarihlerinde \u2018Hukuki \u0130li\u015fkilerde Ulus\u00f6tesi Y\u00f6nler: Modern Zorluklar ve Hedefler\u2019 konular\u0131nda Bak\u00fc\u2019de d\u00fczenlendi. Etkinlik \u00a0T\u00fcrkiye, Azerbaycan, \u00d6zbekistan, K\u0131rg\u0131zistan, Kazakistan ve Kuzey K\u0131br\u0131s T\u00fcrk Cumhuriyeti\u2019nden gelen kat\u0131l\u0131mc\u0131lar ile ger\u00e7ekle\u015fti. Program dahilinde kat\u0131l\u0131mc\u0131lar \u00fclkelerindeki yasal durum hakk\u0131nda bilgi payla\u015f\u0131m\u0131nda bulunurken, konferansta Kuzey K\u0131br\u0131s T\u00fcrk [&hellip;]<\/p>","protected":false},"author":2,"featured_media":9005,"comment_status":"closed","ping_status":"open","sticky":false,"template":"","format":"standard","meta":{"om_disable_all_campaigns":false,"_monsterinsights_skip_tracking":false,"_monsterinsights_sitenote_active":false,"_monsterinsights_sitenote_note":"","_monsterinsights_sitenote_category":0,"_uf_show_specific_survey":0,"_uf_disable_surveys":false,"footnotes":""},"categories":[1],"tags":[],"class_list":["post-9002","post","type-post","status-publish","format-standard","has-post-thumbnail","hentry","category-haberler"],"aioseo_notices":[],"_links":{"self":[{"href":"https:\/\/www.mahkemeler.net\/en\/wp-json\/wp\/v2\/posts\/9002","targetHints":{"allow":["GET"]}}],"collection":[{"href":"https:\/\/www.mahkemeler.net\/en\/wp-json\/wp\/v2\/posts"}],"about":[{"href":"https:\/\/www.mahkemeler.net\/en\/wp-json\/wp\/v2\/types\/post"}],"author":[{"embeddable":true,"href":"https:\/\/www.mahkemeler.net\/en\/wp-json\/wp\/v2\/users\/2"}],"replies":[{"embeddable":true,"href":"https:\/\/www.mahkemeler.net\/en\/wp-json\/wp\/v2\/comments?post=9002"}],"version-history":[{"count":1,"href":"https:\/\/www.mahkemeler.net\/en\/wp-json\/wp\/v2\/posts\/9002\/revisions"}],"predecessor-version":[{"id":9011,"href":"https:\/\/www.mahkemeler.net\/en\/wp-json\/wp\/v2\/posts\/9002\/revisions\/9011"}],"wp:featuredmedia":[{"embeddable":true,"href":"https:\/\/www.mahkemeler.net\/en\/wp-json\/wp\/v2\/media\/9005"}],"wp:attachment":[{"href":"https:\/\/www.mahkemeler.net\/en\/wp-json\/wp\/v2\/media?parent=9002"}],"wp:term":[{"taxonomy":"category","embeddable":true,"href":"https:\/\/www.mahkemeler.net\/en\/wp-json\/wp\/v2\/categories?post=9002"},{"taxonomy":"post_tag","embeddable":true,"href":"https:\/\/www.mahkemeler.net\/en\/wp-json\/wp\/v2\/tags?post=9002"}],"curies":[{"name":"wp","href":"https:\/\/api.w.org\/{rel}","templated":true}]}}