{"id":8695,"date":"2024-12-03T09:06:00","date_gmt":"2024-12-03T07:06:00","guid":{"rendered":"https:\/\/www.mahkemeler.net\/?p=8695"},"modified":"2024-12-05T09:08:38","modified_gmt":"2024-12-05T07:08:38","slug":"yuksek-mahkeme-baskani-ozerdag-mahkemeler-engelli-vatandaslar-icin-de-erisilebilir-olacak","status":"publish","type":"post","link":"https:\/\/www.mahkemeler.net\/en\/archives\/8695","title":{"rendered":"Supreme Court President \u00d6zerda\u011f: Courts Will Also Be Accessible for Citizens with Disabilities"},"content":{"rendered":"<p>Supreme Court President Bertan \u00d6zerda\u011f stated that they are working with the vision of creating a \u201cbarrier-free court\u201d and that elevators to serve the Supreme Court, the District Court of Nicosia, and the District Court of Kyrenia will be operational by the latest in February next year.<\/p>\n\n\n\n<p>In a statement released on the occasion of International Day of Persons with Disabilities on December 3, \u00d6zerda\u011f said removing the barriers faced by individuals with disabilities is one of their priorities.<\/p>\n\n\n\n<p>\u00d6zerda\u011f, the Supreme Court President, noted that they have taken concrete steps in this direction and have begun efforts to make the courts accessible to citizens with disabilities as well.<\/p>\n\n\n\n<p>\u00d6zerda\u011f announced that an agreement had been made for an elevator to serve the Supreme Court and the District Court of Nicosia, and another for the District Court of Kyrenia. He emphasized that the elevators are planned to be available to the public by the end of February 2025.<\/p>\n\n\n\n<p>\u00d6zerda\u011f also reiterated that they will continue to work to make all services and rights more accessible to individuals with disabilities.<\/p>","protected":false},"excerpt":{"rendered":"<p>Y\u00fcksek Mahkeme Ba\u015fkan\u0131 Bertan \u00d6zerda\u011f, \u201cengelsiz bir mahkeme\u201d yaratma vizyonu ile hareket ettiklerini ve Y\u00fcksek Mahkeme ile Lefko\u015fa Kaza Mahkemesi ve Girne Kaza Mahkemesi\u2019ne hizmet verecek asans\u00f6rlerin en ge\u00e7 gelecek y\u0131l\u0131n \u015eubat ay\u0131nda hizmete girece\u011fini belirtti. \u00d6zerda\u011f, 3 Aral\u0131k D\u00fcnya Engelliler G\u00fcn\u00fc nedeniyle yay\u0131nlad\u0131\u011f\u0131 a\u00e7\u0131klamada, engelli bireylerin \u00f6n\u00fcndeki engelleri kald\u0131rman\u0131n \u00f6ncelikleri aras\u0131nda oldu\u011funu s\u00f6yledi. Bu [&hellip;]<\/p>","protected":false},"author":2,"featured_media":8696,"comment_status":"closed","ping_status":"open","sticky":false,"template":"","format":"standard","meta":{"om_disable_all_campaigns":false,"_monsterinsights_skip_tracking":false,"_monsterinsights_sitenote_active":false,"_monsterinsights_sitenote_note":"","_monsterinsights_sitenote_category":0,"_uf_show_specific_survey":0,"_uf_disable_surveys":false,"footnotes":""},"categories":[1],"tags":[],"class_list":["post-8695","post","type-post","status-publish","format-standard","has-post-thumbnail","hentry","category-haberler"],"aioseo_notices":[],"_links":{"self":[{"href":"https:\/\/www.mahkemeler.net\/en\/wp-json\/wp\/v2\/posts\/8695","targetHints":{"allow":["GET"]}}],"collection":[{"href":"https:\/\/www.mahkemeler.net\/en\/wp-json\/wp\/v2\/posts"}],"about":[{"href":"https:\/\/www.mahkemeler.net\/en\/wp-json\/wp\/v2\/types\/post"}],"author":[{"embeddable":true,"href":"https:\/\/www.mahkemeler.net\/en\/wp-json\/wp\/v2\/users\/2"}],"replies":[{"embeddable":true,"href":"https:\/\/www.mahkemeler.net\/en\/wp-json\/wp\/v2\/comments?post=8695"}],"version-history":[{"count":1,"href":"https:\/\/www.mahkemeler.net\/en\/wp-json\/wp\/v2\/posts\/8695\/revisions"}],"predecessor-version":[{"id":8697,"href":"https:\/\/www.mahkemeler.net\/en\/wp-json\/wp\/v2\/posts\/8695\/revisions\/8697"}],"wp:featuredmedia":[{"embeddable":true,"href":"https:\/\/www.mahkemeler.net\/en\/wp-json\/wp\/v2\/media\/8696"}],"wp:attachment":[{"href":"https:\/\/www.mahkemeler.net\/en\/wp-json\/wp\/v2\/media?parent=8695"}],"wp:term":[{"taxonomy":"category","embeddable":true,"href":"https:\/\/www.mahkemeler.net\/en\/wp-json\/wp\/v2\/categories?post=8695"},{"taxonomy":"post_tag","embeddable":true,"href":"https:\/\/www.mahkemeler.net\/en\/wp-json\/wp\/v2\/tags?post=8695"}],"curies":[{"name":"wp","href":"https:\/\/api.w.org\/{rel}","templated":true}]}}