{"id":10577,"date":"2026-01-26T09:29:54","date_gmt":"2026-01-26T07:29:54","guid":{"rendered":"https:\/\/www.mahkemeler.net\/?p=10577"},"modified":"2026-01-26T09:29:57","modified_gmt":"2026-01-26T07:29:57","slug":"azerbaycan-anayasasinin-30-yili-etkinlikleriyle-ilgili-kitapta-yuksek-mahkeme-baskani-sayin-bertan-ozerdagin-konusmasina-da-yer-verildi","status":"publish","type":"post","link":"https:\/\/www.mahkemeler.net\/en\/archives\/10577","title":{"rendered":"Speech by Supreme Court President Bertan \u00d6zerda\u011f Included in Book on the 30th Anniversary of the Constitution of Azerbaijan"},"content":{"rendered":"<p>A book focusing on the events held in Azerbaijan in July 2025 to mark the 30th anniversary of the adoption of the Constitution of the Republic of Azerbaijan, and featuring a foreword written by President Ilham Aliyev, also included a speech on constitutional law delivered by Supreme Court President Bertan \u00d6zerda\u011f; as part of the event, the Constitutional Court of the TRNC was admitted as an observer member at the meeting of the Constitutional Courts of the Organization of Turkic World.<\/p>\n\n\n\n<p>In a book published about the events held in Azerbaijan in July 2025 on the occasion of the 30th anniversary of the adoption of the Constitution of the Republic of Azerbaijan, and featuring a foreword written by Azerbaijani President Ilham Aliyev, the speech delivered at the events by Supreme Court President Bertan \u00d6zerda\u011f was included.<\/p>\n\n\n\n<p>In his address at the event, President \u00d6zerda\u011f discussed the impact of contemporary changes in human life on constitutional law.<\/p>\n\n\n\n<p>As part of the events, during the meeting of the Constitutional Jurisdictions of the Turkic World (T\u00dcRK-AY), the Constitutional Court of the TRNC was accepted as an observer member.<\/p>","protected":false},"excerpt":{"rendered":"<p>Azerbaycan Cumhuriyeti Anayasas\u0131\u2019n\u0131n kabul\u00fcn\u00fcn 30. y\u0131l\u0131 dolay\u0131s\u0131yla Temmuz 2025\u2019te Azerbaycan\u2019da d\u00fczenlenen etkinlikleri konu alan ve \u00f6ns\u00f6z\u00fcn\u00fc \u0130lham Aliyev\u2019in yazd\u0131\u011f\u0131 kitapta, Y\u00fcksek Mahkeme Ba\u015fkan\u0131 Bertan \u00d6zerda\u011f\u2019\u0131n anayasa hukukuna ili\u015fkin yapt\u0131\u011f\u0131 konu\u015fmaya yer verildi; etkinlik kapsam\u0131nda KKTC Anayasa Mahkemesi, T\u00fcrk Devletleri Te\u015fkilat\u0131 Anayasa Mahkemeleri toplant\u0131s\u0131nda g\u00f6zlemci \u00fcyeli\u011fe kabul edildi. Azerbeycan Cumhuriyeti Anayasas\u0131&#8217;n\u0131n kabul\u00fcn\u00fcn 30. Y\u0131l\u0131 m\u00fcnasebetiyle Temmuz [&hellip;]<\/p>","protected":false},"author":2,"featured_media":10578,"comment_status":"closed","ping_status":"open","sticky":false,"template":"","format":"standard","meta":{"om_disable_all_campaigns":false,"_monsterinsights_skip_tracking":false,"_monsterinsights_sitenote_active":false,"_monsterinsights_sitenote_note":"","_monsterinsights_sitenote_category":0,"_uf_show_specific_survey":0,"_uf_disable_surveys":false,"footnotes":""},"categories":[1],"tags":[],"class_list":["post-10577","post","type-post","status-publish","format-standard","has-post-thumbnail","hentry","category-haberler"],"aioseo_notices":[],"_links":{"self":[{"href":"https:\/\/www.mahkemeler.net\/en\/wp-json\/wp\/v2\/posts\/10577","targetHints":{"allow":["GET"]}}],"collection":[{"href":"https:\/\/www.mahkemeler.net\/en\/wp-json\/wp\/v2\/posts"}],"about":[{"href":"https:\/\/www.mahkemeler.net\/en\/wp-json\/wp\/v2\/types\/post"}],"author":[{"embeddable":true,"href":"https:\/\/www.mahkemeler.net\/en\/wp-json\/wp\/v2\/users\/2"}],"replies":[{"embeddable":true,"href":"https:\/\/www.mahkemeler.net\/en\/wp-json\/wp\/v2\/comments?post=10577"}],"version-history":[{"count":1,"href":"https:\/\/www.mahkemeler.net\/en\/wp-json\/wp\/v2\/posts\/10577\/revisions"}],"predecessor-version":[{"id":10579,"href":"https:\/\/www.mahkemeler.net\/en\/wp-json\/wp\/v2\/posts\/10577\/revisions\/10579"}],"wp:featuredmedia":[{"embeddable":true,"href":"https:\/\/www.mahkemeler.net\/en\/wp-json\/wp\/v2\/media\/10578"}],"wp:attachment":[{"href":"https:\/\/www.mahkemeler.net\/en\/wp-json\/wp\/v2\/media?parent=10577"}],"wp:term":[{"taxonomy":"category","embeddable":true,"href":"https:\/\/www.mahkemeler.net\/en\/wp-json\/wp\/v2\/categories?post=10577"},{"taxonomy":"post_tag","embeddable":true,"href":"https:\/\/www.mahkemeler.net\/en\/wp-json\/wp\/v2\/tags?post=10577"}],"curies":[{"name":"wp","href":"https:\/\/api.w.org\/{rel}","templated":true}]}}