{"id":10566,"date":"2026-01-22T16:41:52","date_gmt":"2026-01-22T14:41:52","guid":{"rendered":"https:\/\/www.mahkemeler.net\/?p=10566"},"modified":"2026-01-22T16:43:22","modified_gmt":"2026-01-22T14:43:22","slug":"kibris-turk-ticaret-odasindan-anayasa-degisikligine-destek","status":"publish","type":"post","link":"https:\/\/www.mahkemeler.net\/en\/archives\/10566","title":{"rendered":"Turkish Cypriot Chamber of Commerce Supports Constitutional Amendment: Steps Required by the Times Must Be Taken"},"content":{"rendered":"<p>The Chamber of Commerce stated that it agrees with the views shared by the President of the Supreme Court, Bertan \u00d6zerda\u011f, and announced its support for the proposed constitutional amendments aimed at protecting the effectiveness of the judicial system and ensuring the timely administration of justice. The Chamber stated that \u201cit is essential that regulations required by the times be made without delay.\u201d<\/p>\n\n\n\n<p>The Turkish Cypriot Chamber of Commerce (KTTO) expressed its support for the constitutional amendment, noting that it is essential to make the necessary regulations in a timely manner.<\/p>\n\n\n\n<p>The Turkish Cypriot Chamber of Commerce made a statement regarding the constitutional amendment efforts following a visit by Supreme Court President Bertan \u00d6zerda\u011f to KTTO President Turgay Deniz, chamber executives, and council members, during which he provided information.\u00a0<a href=\"https:\/\/www.kibrispostasi.com\/keyword\/87\" target=\"_blank\" rel=\"noreferrer noopener\"><\/a><a href=\"https:\/\/www.kibrispostasi.com\/keyword\/87\" target=\"_blank\" rel=\"noreferrer noopener\"><\/a><a href=\"https:\/\/www.kibrispostasi.com\/keyword\/87\" target=\"_blank\" rel=\"noreferrer noopener\"><\/a>Turgay Deniz, oda y\u00f6neticileri ve meclis \u00fcyelerini ziyaret ederek, bilgi verdi\u011fi Anayasa de\u011fi\u015fikli\u011fi \u00e7al\u0131\u015fmalar\u0131 hakk\u0131nda a\u00e7\u0131klama yapt\u0131.<\/p>\n\n\n\n<p>The statement emphasized the necessity of the constitutional amendment, noting that while the country's judicial system functions better than those of many other countries, it is essential to make timely changes required by the times in order to maintain this quality.<\/p>\n\n\n\n<p>In its statement, the KTTO also noted that the responsibility lies with everyone to eliminate the negative effects caused by the backlog of cases in the courts, to ensure that justice is delivered in a timely manner, and to demonstrate to the world that the TRNC is a safe country. The statement concluded, \u201cWe share with the public that we agree with the views expressed by Mr. \u00d6zerda\u011f and that we support the proposed constitutional amendments.\u201d<\/p>","protected":false},"excerpt":{"rendered":"<p>Ticaret Odas\u0131, Y\u00fcksek Mahkeme Ba\u015fkan\u0131 Bertan \u00d6zerda\u011f\u2019\u0131n payla\u015ft\u0131\u011f\u0131 g\u00f6r\u00fc\u015flerle hemfikir olduklar\u0131n\u0131 belirterek, yarg\u0131 sisteminin etkinli\u011fini korumak ve adaletin zaman\u0131nda tesisini sa\u011flamak amac\u0131yla \u00f6nerilen Anayasa de\u011fi\u015fikliklerine destek verdi\u011fini a\u00e7\u0131klad\u0131. Oda, &#8220;\u00e7a\u011f\u0131n gerektirdi\u011fi d\u00fczenlemelerin zaman\u0131nda yap\u0131lmas\u0131n\u0131n zorunlu oldu\u011funu&#8221; belirtti. K\u0131br\u0131s T\u00fcrk Ticaret Odas\u0131 (KTTO), \u00e7a\u011f\u0131n gerektirdi\u011fi d\u00fczenlemelerin zaman\u0131nda yap\u0131lmas\u0131n\u0131n zorunlu oldu\u011funu kaydederek, Anayasa de\u011fi\u015fikli\u011fine destek belirtti. K\u0131br\u0131s [&hellip;]<\/p>","protected":false},"author":2,"featured_media":10569,"comment_status":"closed","ping_status":"open","sticky":false,"template":"","format":"standard","meta":{"om_disable_all_campaigns":false,"_monsterinsights_skip_tracking":false,"_monsterinsights_sitenote_active":false,"_monsterinsights_sitenote_note":"","_monsterinsights_sitenote_category":0,"_uf_show_specific_survey":0,"_uf_disable_surveys":false,"footnotes":""},"categories":[1],"tags":[],"class_list":["post-10566","post","type-post","status-publish","format-standard","has-post-thumbnail","hentry","category-haberler"],"aioseo_notices":[],"_links":{"self":[{"href":"https:\/\/www.mahkemeler.net\/en\/wp-json\/wp\/v2\/posts\/10566","targetHints":{"allow":["GET"]}}],"collection":[{"href":"https:\/\/www.mahkemeler.net\/en\/wp-json\/wp\/v2\/posts"}],"about":[{"href":"https:\/\/www.mahkemeler.net\/en\/wp-json\/wp\/v2\/types\/post"}],"author":[{"embeddable":true,"href":"https:\/\/www.mahkemeler.net\/en\/wp-json\/wp\/v2\/users\/2"}],"replies":[{"embeddable":true,"href":"https:\/\/www.mahkemeler.net\/en\/wp-json\/wp\/v2\/comments?post=10566"}],"version-history":[{"count":2,"href":"https:\/\/www.mahkemeler.net\/en\/wp-json\/wp\/v2\/posts\/10566\/revisions"}],"predecessor-version":[{"id":10568,"href":"https:\/\/www.mahkemeler.net\/en\/wp-json\/wp\/v2\/posts\/10566\/revisions\/10568"}],"wp:featuredmedia":[{"embeddable":true,"href":"https:\/\/www.mahkemeler.net\/en\/wp-json\/wp\/v2\/media\/10569"}],"wp:attachment":[{"href":"https:\/\/www.mahkemeler.net\/en\/wp-json\/wp\/v2\/media?parent=10566"}],"wp:term":[{"taxonomy":"category","embeddable":true,"href":"https:\/\/www.mahkemeler.net\/en\/wp-json\/wp\/v2\/categories?post=10566"},{"taxonomy":"post_tag","embeddable":true,"href":"https:\/\/www.mahkemeler.net\/en\/wp-json\/wp\/v2\/tags?post=10566"}],"curies":[{"name":"wp","href":"https:\/\/api.w.org\/{rel}","templated":true}]}}